{"id":1020,"date":"2020-05-15T13:08:27","date_gmt":"2020-05-15T13:08:27","guid":{"rendered":"https:\/\/www.moveagain.ch\/beratung\/?p=1020"},"modified":"2024-09-06T11:27:11","modified_gmt":"2024-09-06T11:27:11","slug":"ww-zurich-where-is-where","status":"publish","type":"post","link":"https:\/\/www.moveagain.ch\/beratung\/de\/ww-zurich-where-is-where\/","title":{"rendered":"WW Zurich \u2013 Where is where"},"content":{"rendered":"\n<p>Das Gebiet von Z\u00fcrich wurde 1893 respektive 1934 eingemeindet. Seither teilt sich die Stadt in zw\u00f6lf Kreise auf, die sich wiederum in 34 Quartiere eingliedern lassen. Spricht man auf nationaler Ebene von einem \u201eKant\u00f6nligeist\u201c kann man im \u00fcbertragenen Sinne auf kommunaler Ebene vom \u201eQuartierligeist\u201c sprechen. Damit ist hier allerdings nicht die negative Konnotation gemeint, die mit dem Begriff einhergeht: ein auf den einzelnen Kanton ausgerichtetes Denken und Handeln. Die Rede ist vom eigenst\u00e4ndigen Quartierleben, welches von den Anwohnern gepflegt wird und das Leben in der Stadt Z\u00fcrich kulturell pr\u00e4gt.<\/p>\n\n\n\n<p>Der erste Kreis stellt den zentralsten im Stadtzentrum dar. Die Kreise 2 bis 8 ordnen sich im Uhrzeigersinn um diesen an. Die Stadtkreise 9 bis 12 bilden einen zweiten Ring im Norden der Stadt. Aber, genug Geographie: Durch was zeichnen sich die unterschiedlichen Kreis aus?&nbsp;<strong>Ein Z\u00fcrcher Where is Where:<\/strong><\/p>\n\n\n\n<h2 class=\"wp-block-heading\">Kreis 1 \u2013 Altstadt &amp; Stadtzentrum<\/h2>\n\n\n\n<p>Ursprung der Stadt Z\u00fcrich ist die Altstadt, welche gemeinsam mit dem Stadtzentrum den Kreis 1 bildet. Dieser umfasst die historische Altstadt auf beiden Seiten der Limmat, sowie der ans Seebecken angrenzende S\u00fcden. Ebenfalls hier anzutreffen ist das Wahrzeichen Z\u00fcrichs: Das Grossm\u00fcnster mit seinen beiden T\u00fcrmen. Einer dieser beiden T\u00fcrmen ist nach Karl dem Grossen, Karlsturm, benannt und bietet Besuchern eine wundersch\u00f6ne Aussicht auf die Altstadt, auf geschichtstr\u00e4chtige Zunfth\u00e4user und imposante Kirchen. Weiter l\u00e4dt der Kreis 1 an die luxuri\u00f6se Bahnhofstrasse zum Bummeln ein. Auf dem Sechsel\u00e4utenplatz vor dem Opernhaus kann anschliessend entspannt werden.<\/p>\n\n\n\n<h2 class=\"wp-block-heading\">Kreis 2 \u2013 Enge, Wollishofen &amp; Leimbach<\/h2>\n\n\n\n<p>Was macht das Leben im Kreis 2 aus? Die meisten Anwohner werden auf die unmittelbare N\u00e4he zum See verweisen. Auch architektonisch hat der Kreis viel zu bieten: Der Bahnhof Enge wurde aus Tessiner Granit gebaut und immer wieder entdeckt man beim Flanieren durch die Wohnquartiere Geb\u00e4ude im Historismus-Stil. Familien, Paare und Einzelpersonen, die die Ruhe und N\u00e4he zum Gr\u00fcnen sch\u00e4tzen, lassen sich in diesem Kreis nieder.<\/p>\n\n\n\n<h2 class=\"wp-block-heading\">Kreis 3 \u2013 Wiedikon<\/h2>\n\n\n\n<p>Direkt unter dem Uetliberg befindet sich Wiedikon, welches ein ehemaliges Arbeiterquartier ist und sich nach einem Bauboom in den 30er-Jahren zu einem beliebten Wohnquartier entwickelt hat. Gem\u00fctliche Caf\u00e9s, Vintage-Gesch\u00e4fte und alternative Boutiquen sind in diesem Kreis zu finden. Die unmittelbare N\u00e4he zu Z\u00fcrichs Hausberg lockt insbesondere aktive Menschen an.<\/p>\n\n\n\n<h2 class=\"wp-block-heading\">Kreis 4 \u2013 Werd, Langstrasse &amp; Hard<\/h2>\n\n\n\n<p>Herzst\u00fcck dieses Kreises bildet die Langstrasse, welche von Z\u00fcrichs Abendprogramm nicht mehr wegzudenken ist. Durch das aktive Nachtleben und die zentrale Lage ist der Kreis 4 insbesondere f\u00fcr junge Leute zum einem \u201eplace to be\u201c geworden.&nbsp;<\/p>\n\n\n\n<h2 class=\"wp-block-heading\">Kreis 5 \u2013 Industriequartier<\/h2>\n\n\n\n<p>Einst Industriequartier hat sich der Kreis 5 zu einem Kreativquartier etabliert, der Kultur- als auch Lifestyle-Aficionados anzieht. Rund um den Prime Tower bei der Hardbr\u00fccke verteilen sich Nachtclubs, Bars, kulturelle Institutionen sowie Kunsthochschulen. Charakteristisch f\u00fcr diesen Kreis sind die kreativen Nutzungen der Geb\u00e4ude: das Viadukt, eine unkonventionelle Einkaufsstrasse, oder Design Shops wie der Freitag Tower sind zwei bekannte Beispiele. Die vielf\u00e4ltige Gegend lockt allerlei Bewohner an: von jungen Eltern bis zu Paaren und Singles. Allerdings hat das Wohnen in diesem Kreis auch seinen Preis.<\/p>\n\n\n\n<h2 class=\"wp-block-heading\">Kreis 6 \u2013 Ober- und Unterstrass<\/h2>\n\n\n\n<p>Auch bekannt als das Universit\u00e4tsviertel: Dank der Ruhe und der N\u00e4he zum Zentrum f\u00fchlen sich hier sowohl Studenten als auch Familien wohl. Universit\u00e4tsgeb\u00e4ude, Villen im Jugendstil und gr\u00fcne R\u00fcckzugsorte wie der grosse Irchelpark pr\u00e4gen das Leben im Kreis 6.<\/p>\n\n\n\n<h2 class=\"wp-block-heading\">Kreis 7 \u2013 Fluntern, Hottingen, Hirslanden &amp; Witikon<\/h2>\n\n\n\n<p>Viele Attribute sprechen f\u00fcr den Kreis 7: Hanglage, wundersch\u00f6ne Aussicht \u00fcber die Stadt Z\u00fcrich und wenig Verkehr. Allerdings wohnt es sich hier f\u00fcr einen entsprechend hohen Preis. Zu den Nachbarn z\u00e4hlt man sodann den Zoo Z\u00fcrich sowie das The Dolder Grand Luxushotel.<\/p>\n\n\n\n<h2 class=\"wp-block-heading\">Kreis 8 \u2013 Seefeld, M\u00fchlebach &amp; Weinegg<\/h2>\n\n\n\n<p>Dieser Stadtteil erstreckt sich vom Opernhaus bis zum Bahnhof Tiefenbrunnen und hat sich in den letzten Jahren zunehmender Beliebtheit erfreut. Exklusive Boutiquen garantieren jeder Shopping-Tour ein Happy End. Und wenn es doch einmal etwas entspannter zugehen soll, l\u00e4dt die Chinawiese direkt beim See zum Verweilen ein.<\/p>\n\n\n\n<h2 class=\"wp-block-heading\">Kreis 9 \u2013 Altstetten &amp; Albisrieden<\/h2>\n\n\n\n<p>Der Kreis 9 ist ein typisches Industriegebiet und zeichnet sich durch seine N\u00e4he zur Limmat sowie zum Uetliberg und die guten Verkehrsverbindungen ins Zentrum aus. Entsprechend multikulturell gestaltet sich die das Leben mit kreativen Bar- und Restaurant-Konzepten sowie ruhigeren Ecken f\u00fcr Menschen, die einen Ausgleich zwischen Natur und Stadt suchen.&nbsp;<\/p>\n\n\n\n<h2 class=\"wp-block-heading\">Kreis 10 \u2013 Wipkingen &amp; H\u00f6ngg<\/h2>\n\n\n\n<p>Wie auch der Kreis 7 punktet der Kreis 10 mit seiner Hanglage. Insbesonders wolkenlose Tage richten den Blick auf eine wundersch\u00f6ne Aussicht, bei der man nicht nur die Stadt und den See, sondern auch die Berge in der Ferne sehen kann. Ist die Temperatur zudem warm, laden die beiden Flussb\u00e4der, Unterer und Oberer Letten, an der nahegelegenen Limmat zum Schwimmen und Sonne tanken ein.<\/p>\n\n\n\n<h2 class=\"wp-block-heading\">Kreis 11 \u2013 Oerlikon, Seebach &amp; Affoltern<\/h2>\n\n\n\n<p>Der Kreis 11 liegt in unmittelbarer N\u00e4he zum Flughafen und ist durch den Bahnhof Oerlikon bestens mit dem Stadtzentrum erschlossen. Somit beziehen vor allem Gesch\u00e4ftsleute und Studenten gerne ihr Zuhause in dieser Gegend. Ebenfalls heimisch in diesem Kreis sind das Hallenstadion, in welchem Musik- als auch Sportevents ausgetragen werden, und die ehemalige Maschinenfabrik Oerlikon (MFO). Letztere ist eine Event-Location f\u00fcr allerlei Ausstellungen, Festivals und Open-Air-Kinos.<\/p>\n\n\n\n<h2 class=\"wp-block-heading\">Kreis 12 \u2013 Schwamendingen<\/h2>\n\n\n\n<p>G\u00fcnstige Wohnungen und umgeben von Natur: Schwamendingen hat trotz seiner Eingemeindung seinen Dorfcharakter beibehalten. Gleich neben dem Z\u00fcrichberg gelegen und mit vielen Sportanlagen ausgestattet f\u00fchlen sich Naturverbundene und Sportler hier besonders wohl.<\/p>\n","protected":false},"excerpt":{"rendered":"<p>Das Gebiet von Z\u00fcrich wurde 1893 respektive 1934 eingemeindet. Seither teilt sich die Stadt in zw\u00f6lf Kreise auf, die sich wiederum in 34 Quartiere eingliedern lassen. Spricht man auf nationaler Ebene von einem \u201eKant\u00f6nligeist\u201c kann man im \u00fcbertragenen Sinne auf kommunaler Ebene vom \u201eQuartierligeist\u201c sprechen. Damit ist hier allerdings nicht die negative Konnotation gemeint, die [&hellip;]<\/p>\n","protected":false},"author":7,"featured_media":1021,"comment_status":"closed","ping_status":"closed","sticky":false,"template":"","format":"standard","meta":{"footnotes":""},"categories":[1],"tags":[],"class_list":["post-1020","post","type-post","status-publish","format-standard","has-post-thumbnail","hentry","category-unkategorisiert"],"yoast_head":"<!-- This site is optimized with the Yoast SEO plugin v23.4 - https:\/\/yoast.com\/wordpress\/plugins\/seo\/ -->\n<title>WW Zurich \u2013 Where is where - MoveAgain<\/title>\n<meta name=\"description\" content=\"Das ist der Blog von Moveagain.ch. Hier erh\u00e4lst du wertvolle Tipps f\u00fcrs z\u00fcgeln, umziehen und Endreinigung. Hier erh\u00e4lst du Beratung zu all deinen Fragen.\" \/>\n<meta name=\"robots\" content=\"index, follow, max-snippet:-1, max-image-preview:large, max-video-preview:-1\" \/>\n<link rel=\"canonical\" href=\"https:\/\/www.moveagain.ch\/beratung\/de\/ww-zurich-where-is-where\/\" \/>\n<meta property=\"og:locale\" content=\"de_DE\" \/>\n<meta property=\"og:type\" content=\"article\" \/>\n<meta property=\"og:title\" content=\"WW Zurich \u2013 Where is where - MoveAgain\" \/>\n<meta property=\"og:description\" content=\"Das ist der Blog von Moveagain.ch. Hier erh\u00e4lst du wertvolle Tipps f\u00fcrs z\u00fcgeln, umziehen und Endreinigung. Hier erh\u00e4lst du Beratung zu all deinen Fragen.\" \/>\n<meta property=\"og:url\" content=\"https:\/\/www.moveagain.ch\/beratung\/de\/ww-zurich-where-is-where\/\" \/>\n<meta property=\"og:site_name\" content=\"MoveAgain\" \/>\n<meta property=\"article:published_time\" content=\"2020-05-15T13:08:27+00:00\" \/>\n<meta property=\"article:modified_time\" content=\"2024-09-06T11:27:11+00:00\" \/>\n<meta property=\"og:image\" content=\"https:\/\/www.moveagain.ch\/beratung\/wp-content\/uploads\/2020\/05\/zurich-4636745_640.jpg\" \/>\n\t<meta property=\"og:image:width\" content=\"640\" \/>\n\t<meta property=\"og:image:height\" content=\"434\" \/>\n\t<meta property=\"og:image:type\" content=\"image\/jpeg\" \/>\n<meta name=\"author\" content=\"Julia Halouska\" \/>\n<meta name=\"twitter:card\" content=\"summary_large_image\" \/>\n<meta name=\"twitter:label1\" content=\"Verfasst von\" \/>\n\t<meta name=\"twitter:data1\" content=\"Julia Halouska\" \/>\n\t<meta name=\"twitter:label2\" content=\"Gesch\u00e4tzte Lesezeit\" \/>\n\t<meta name=\"twitter:data2\" content=\"5\u00a0Minuten\" \/>\n<script type=\"application\/ld+json\" class=\"yoast-schema-graph\">{\"@context\":\"https:\/\/schema.org\",\"@graph\":[{\"@type\":\"Article\",\"@id\":\"https:\/\/www.moveagain.ch\/beratung\/de\/ww-zurich-where-is-where\/#article\",\"isPartOf\":{\"@id\":\"https:\/\/www.moveagain.ch\/beratung\/de\/ww-zurich-where-is-where\/\"},\"author\":{\"name\":\"Julia Halouska\",\"@id\":\"https:\/\/www.moveagain.ch\/beratung\/#\/schema\/person\/d100e510f3cf28716be4c4a29aa85561\"},\"headline\":\"WW Zurich \u2013 Where is where\",\"datePublished\":\"2020-05-15T13:08:27+00:00\",\"dateModified\":\"2024-09-06T11:27:11+00:00\",\"mainEntityOfPage\":{\"@id\":\"https:\/\/www.moveagain.ch\/beratung\/de\/ww-zurich-where-is-where\/\"},\"wordCount\":906,\"publisher\":{\"@id\":\"https:\/\/www.moveagain.ch\/beratung\/#organization\"},\"image\":{\"@id\":\"https:\/\/www.moveagain.ch\/beratung\/de\/ww-zurich-where-is-where\/#primaryimage\"},\"thumbnailUrl\":\"https:\/\/www.moveagain.ch\/beratung\/wp-content\/uploads\/2020\/05\/zurich-4636745_640.jpg\",\"articleSection\":[\"Unkategorisiert\"],\"inLanguage\":\"de\"},{\"@type\":\"WebPage\",\"@id\":\"https:\/\/www.moveagain.ch\/beratung\/de\/ww-zurich-where-is-where\/\",\"url\":\"https:\/\/www.moveagain.ch\/beratung\/de\/ww-zurich-where-is-where\/\",\"name\":\"WW Zurich \u2013 Where is where - MoveAgain\",\"isPartOf\":{\"@id\":\"https:\/\/www.moveagain.ch\/beratung\/#website\"},\"primaryImageOfPage\":{\"@id\":\"https:\/\/www.moveagain.ch\/beratung\/de\/ww-zurich-where-is-where\/#primaryimage\"},\"image\":{\"@id\":\"https:\/\/www.moveagain.ch\/beratung\/de\/ww-zurich-where-is-where\/#primaryimage\"},\"thumbnailUrl\":\"https:\/\/www.moveagain.ch\/beratung\/wp-content\/uploads\/2020\/05\/zurich-4636745_640.jpg\",\"datePublished\":\"2020-05-15T13:08:27+00:00\",\"dateModified\":\"2024-09-06T11:27:11+00:00\",\"description\":\"Das ist der Blog von Moveagain.ch. Hier erh\u00e4lst du wertvolle Tipps f\u00fcrs z\u00fcgeln, umziehen und Endreinigung. Hier erh\u00e4lst du Beratung zu all deinen Fragen.\",\"breadcrumb\":{\"@id\":\"https:\/\/www.moveagain.ch\/beratung\/de\/ww-zurich-where-is-where\/#breadcrumb\"},\"inLanguage\":\"de\",\"potentialAction\":[{\"@type\":\"ReadAction\",\"target\":[\"https:\/\/www.moveagain.ch\/beratung\/de\/ww-zurich-where-is-where\/\"]}]},{\"@type\":\"ImageObject\",\"inLanguage\":\"de\",\"@id\":\"https:\/\/www.moveagain.ch\/beratung\/de\/ww-zurich-where-is-where\/#primaryimage\",\"url\":\"https:\/\/www.moveagain.ch\/beratung\/wp-content\/uploads\/2020\/05\/zurich-4636745_640.jpg\",\"contentUrl\":\"https:\/\/www.moveagain.ch\/beratung\/wp-content\/uploads\/2020\/05\/zurich-4636745_640.jpg\",\"width\":640,\"height\":434},{\"@type\":\"BreadcrumbList\",\"@id\":\"https:\/\/www.moveagain.ch\/beratung\/de\/ww-zurich-where-is-where\/#breadcrumb\",\"itemListElement\":[{\"@type\":\"ListItem\",\"position\":1,\"name\":\"Home\",\"item\":\"https:\/\/www.moveagain.ch\/beratung\/\"},{\"@type\":\"ListItem\",\"position\":2,\"name\":\"WW Zurich \u2013 Where is where\"}]},{\"@type\":\"WebSite\",\"@id\":\"https:\/\/www.moveagain.ch\/beratung\/#website\",\"url\":\"https:\/\/www.moveagain.ch\/beratung\/\",\"name\":\"MoveAgain\",\"description\":\"Ihre sichere Adresse f\u00fcr Umz\u00fcge in der ganzen Schweiz\",\"publisher\":{\"@id\":\"https:\/\/www.moveagain.ch\/beratung\/#organization\"},\"potentialAction\":[{\"@type\":\"SearchAction\",\"target\":{\"@type\":\"EntryPoint\",\"urlTemplate\":\"https:\/\/www.moveagain.ch\/beratung\/?s={search_term_string}\"},\"query-input\":{\"@type\":\"PropertyValueSpecification\",\"valueRequired\":true,\"valueName\":\"search_term_string\"}}],\"inLanguage\":\"de\"},{\"@type\":\"Organization\",\"@id\":\"https:\/\/www.moveagain.ch\/beratung\/#organization\",\"name\":\"Moveagain\",\"url\":\"https:\/\/www.moveagain.ch\/beratung\/\",\"logo\":{\"@type\":\"ImageObject\",\"inLanguage\":\"de\",\"@id\":\"https:\/\/www.moveagain.ch\/beratung\/#\/schema\/logo\/image\/\",\"url\":\"https:\/\/www.moveagain.ch\/beratung\/wp-content\/uploads\/2018\/09\/logo-v2.png\",\"contentUrl\":\"https:\/\/www.moveagain.ch\/beratung\/wp-content\/uploads\/2018\/09\/logo-v2.png\",\"width\":1457,\"height\":309,\"caption\":\"Moveagain\"},\"image\":{\"@id\":\"https:\/\/www.moveagain.ch\/beratung\/#\/schema\/logo\/image\/\"}},{\"@type\":\"Person\",\"@id\":\"https:\/\/www.moveagain.ch\/beratung\/#\/schema\/person\/d100e510f3cf28716be4c4a29aa85561\",\"name\":\"Julia Halouska\",\"image\":{\"@type\":\"ImageObject\",\"inLanguage\":\"de\",\"@id\":\"https:\/\/www.moveagain.ch\/beratung\/#\/schema\/person\/image\/\",\"url\":\"https:\/\/secure.gravatar.com\/avatar\/e38383b54b7dfc5f710e82dfb270fe5e?s=96&d=mm&r=g\",\"contentUrl\":\"https:\/\/secure.gravatar.com\/avatar\/e38383b54b7dfc5f710e82dfb270fe5e?s=96&d=mm&r=g\",\"caption\":\"Julia Halouska\"},\"url\":\"https:\/\/www.moveagain.ch\/beratung\/de\/author\/julia-halouska\/\"}]}<\/script>\n<!-- \/ Yoast SEO plugin. -->","yoast_head_json":{"title":"WW Zurich \u2013 Where is where - MoveAgain","description":"Das ist der Blog von Moveagain.ch. Hier erh\u00e4lst du wertvolle Tipps f\u00fcrs z\u00fcgeln, umziehen und Endreinigung. Hier erh\u00e4lst du Beratung zu all deinen Fragen.","robots":{"index":"index","follow":"follow","max-snippet":"max-snippet:-1","max-image-preview":"max-image-preview:large","max-video-preview":"max-video-preview:-1"},"canonical":"https:\/\/www.moveagain.ch\/beratung\/de\/ww-zurich-where-is-where\/","og_locale":"de_DE","og_type":"article","og_title":"WW Zurich \u2013 Where is where - MoveAgain","og_description":"Das ist der Blog von Moveagain.ch. Hier erh\u00e4lst du wertvolle Tipps f\u00fcrs z\u00fcgeln, umziehen und Endreinigung. Hier erh\u00e4lst du Beratung zu all deinen Fragen.","og_url":"https:\/\/www.moveagain.ch\/beratung\/de\/ww-zurich-where-is-where\/","og_site_name":"MoveAgain","article_published_time":"2020-05-15T13:08:27+00:00","article_modified_time":"2024-09-06T11:27:11+00:00","og_image":[{"width":640,"height":434,"url":"https:\/\/www.moveagain.ch\/beratung\/wp-content\/uploads\/2020\/05\/zurich-4636745_640.jpg","type":"image\/jpeg"}],"author":"Julia Halouska","twitter_card":"summary_large_image","twitter_misc":{"Verfasst von":"Julia Halouska","Gesch\u00e4tzte Lesezeit":"5\u00a0Minuten"},"schema":{"@context":"https:\/\/schema.org","@graph":[{"@type":"Article","@id":"https:\/\/www.moveagain.ch\/beratung\/de\/ww-zurich-where-is-where\/#article","isPartOf":{"@id":"https:\/\/www.moveagain.ch\/beratung\/de\/ww-zurich-where-is-where\/"},"author":{"name":"Julia Halouska","@id":"https:\/\/www.moveagain.ch\/beratung\/#\/schema\/person\/d100e510f3cf28716be4c4a29aa85561"},"headline":"WW Zurich \u2013 Where is where","datePublished":"2020-05-15T13:08:27+00:00","dateModified":"2024-09-06T11:27:11+00:00","mainEntityOfPage":{"@id":"https:\/\/www.moveagain.ch\/beratung\/de\/ww-zurich-where-is-where\/"},"wordCount":906,"publisher":{"@id":"https:\/\/www.moveagain.ch\/beratung\/#organization"},"image":{"@id":"https:\/\/www.moveagain.ch\/beratung\/de\/ww-zurich-where-is-where\/#primaryimage"},"thumbnailUrl":"https:\/\/www.moveagain.ch\/beratung\/wp-content\/uploads\/2020\/05\/zurich-4636745_640.jpg","articleSection":["Unkategorisiert"],"inLanguage":"de"},{"@type":"WebPage","@id":"https:\/\/www.moveagain.ch\/beratung\/de\/ww-zurich-where-is-where\/","url":"https:\/\/www.moveagain.ch\/beratung\/de\/ww-zurich-where-is-where\/","name":"WW Zurich \u2013 Where is where - MoveAgain","isPartOf":{"@id":"https:\/\/www.moveagain.ch\/beratung\/#website"},"primaryImageOfPage":{"@id":"https:\/\/www.moveagain.ch\/beratung\/de\/ww-zurich-where-is-where\/#primaryimage"},"image":{"@id":"https:\/\/www.moveagain.ch\/beratung\/de\/ww-zurich-where-is-where\/#primaryimage"},"thumbnailUrl":"https:\/\/www.moveagain.ch\/beratung\/wp-content\/uploads\/2020\/05\/zurich-4636745_640.jpg","datePublished":"2020-05-15T13:08:27+00:00","dateModified":"2024-09-06T11:27:11+00:00","description":"Das ist der Blog von Moveagain.ch. Hier erh\u00e4lst du wertvolle Tipps f\u00fcrs z\u00fcgeln, umziehen und Endreinigung. Hier erh\u00e4lst du Beratung zu all deinen Fragen.","breadcrumb":{"@id":"https:\/\/www.moveagain.ch\/beratung\/de\/ww-zurich-where-is-where\/#breadcrumb"},"inLanguage":"de","potentialAction":[{"@type":"ReadAction","target":["https:\/\/www.moveagain.ch\/beratung\/de\/ww-zurich-where-is-where\/"]}]},{"@type":"ImageObject","inLanguage":"de","@id":"https:\/\/www.moveagain.ch\/beratung\/de\/ww-zurich-where-is-where\/#primaryimage","url":"https:\/\/www.moveagain.ch\/beratung\/wp-content\/uploads\/2020\/05\/zurich-4636745_640.jpg","contentUrl":"https:\/\/www.moveagain.ch\/beratung\/wp-content\/uploads\/2020\/05\/zurich-4636745_640.jpg","width":640,"height":434},{"@type":"BreadcrumbList","@id":"https:\/\/www.moveagain.ch\/beratung\/de\/ww-zurich-where-is-where\/#breadcrumb","itemListElement":[{"@type":"ListItem","position":1,"name":"Home","item":"https:\/\/www.moveagain.ch\/beratung\/"},{"@type":"ListItem","position":2,"name":"WW Zurich \u2013 Where is where"}]},{"@type":"WebSite","@id":"https:\/\/www.moveagain.ch\/beratung\/#website","url":"https:\/\/www.moveagain.ch\/beratung\/","name":"MoveAgain","description":"Ihre sichere Adresse f\u00fcr Umz\u00fcge in der ganzen Schweiz","publisher":{"@id":"https:\/\/www.moveagain.ch\/beratung\/#organization"},"potentialAction":[{"@type":"SearchAction","target":{"@type":"EntryPoint","urlTemplate":"https:\/\/www.moveagain.ch\/beratung\/?s={search_term_string}"},"query-input":{"@type":"PropertyValueSpecification","valueRequired":true,"valueName":"search_term_string"}}],"inLanguage":"de"},{"@type":"Organization","@id":"https:\/\/www.moveagain.ch\/beratung\/#organization","name":"Moveagain","url":"https:\/\/www.moveagain.ch\/beratung\/","logo":{"@type":"ImageObject","inLanguage":"de","@id":"https:\/\/www.moveagain.ch\/beratung\/#\/schema\/logo\/image\/","url":"https:\/\/www.moveagain.ch\/beratung\/wp-content\/uploads\/2018\/09\/logo-v2.png","contentUrl":"https:\/\/www.moveagain.ch\/beratung\/wp-content\/uploads\/2018\/09\/logo-v2.png","width":1457,"height":309,"caption":"Moveagain"},"image":{"@id":"https:\/\/www.moveagain.ch\/beratung\/#\/schema\/logo\/image\/"}},{"@type":"Person","@id":"https:\/\/www.moveagain.ch\/beratung\/#\/schema\/person\/d100e510f3cf28716be4c4a29aa85561","name":"Julia Halouska","image":{"@type":"ImageObject","inLanguage":"de","@id":"https:\/\/www.moveagain.ch\/beratung\/#\/schema\/person\/image\/","url":"https:\/\/secure.gravatar.com\/avatar\/e38383b54b7dfc5f710e82dfb270fe5e?s=96&d=mm&r=g","contentUrl":"https:\/\/secure.gravatar.com\/avatar\/e38383b54b7dfc5f710e82dfb270fe5e?s=96&d=mm&r=g","caption":"Julia Halouska"},"url":"https:\/\/www.moveagain.ch\/beratung\/de\/author\/julia-halouska\/"}]}},"_links":{"self":[{"href":"https:\/\/www.moveagain.ch\/beratung\/de\/wp-json\/wp\/v2\/posts\/1020"}],"collection":[{"href":"https:\/\/www.moveagain.ch\/beratung\/de\/wp-json\/wp\/v2\/posts"}],"about":[{"href":"https:\/\/www.moveagain.ch\/beratung\/de\/wp-json\/wp\/v2\/types\/post"}],"author":[{"embeddable":true,"href":"https:\/\/www.moveagain.ch\/beratung\/de\/wp-json\/wp\/v2\/users\/7"}],"replies":[{"embeddable":true,"href":"https:\/\/www.moveagain.ch\/beratung\/de\/wp-json\/wp\/v2\/comments?post=1020"}],"version-history":[{"count":2,"href":"https:\/\/www.moveagain.ch\/beratung\/de\/wp-json\/wp\/v2\/posts\/1020\/revisions"}],"predecessor-version":[{"id":1024,"href":"https:\/\/www.moveagain.ch\/beratung\/de\/wp-json\/wp\/v2\/posts\/1020\/revisions\/1024"}],"wp:featuredmedia":[{"embeddable":true,"href":"https:\/\/www.moveagain.ch\/beratung\/de\/wp-json\/wp\/v2\/media\/1021"}],"wp:attachment":[{"href":"https:\/\/www.moveagain.ch\/beratung\/de\/wp-json\/wp\/v2\/media?parent=1020"}],"wp:term":[{"taxonomy":"category","embeddable":true,"href":"https:\/\/www.moveagain.ch\/beratung\/de\/wp-json\/wp\/v2\/categories?post=1020"},{"taxonomy":"post_tag","embeddable":true,"href":"https:\/\/www.moveagain.ch\/beratung\/de\/wp-json\/wp\/v2\/tags?post=1020"}],"curies":[{"name":"wp","href":"https:\/\/api.w.org\/{rel}","templated":true}]}}