{"id":1331,"date":"2021-05-06T13:52:17","date_gmt":"2021-05-06T13:52:17","guid":{"rendered":"https:\/\/www.moveagain.ch\/beratung\/?p=1331"},"modified":"2024-09-06T11:20:08","modified_gmt":"2024-09-06T11:20:08","slug":"5-tipps-fuer-das-zuegeln-im-sommer","status":"publish","type":"post","link":"https:\/\/www.moveagain.ch\/beratung\/de\/5-tipps-fuer-das-zuegeln-im-sommer\/","title":{"rendered":"5 Tipps f\u00fcr das Z\u00fcgeln im Sommer"},"content":{"rendered":"\n<p><strong>Ein Umzug ist generell anstrengend, aber ganz besonders w\u00e4hrend der Sommermonate, wenn die Hitze die Arbeit noch zus\u00e4tzlich erschwert.&nbsp;<\/strong><\/p>\n\n\n\n<p>Neben der hei\u00dfen Temperaturen kann au\u00dferdem die hohe Luftfeuchtigkeit f\u00fcr Unbehagen sorgen. Gerade bei schweren, k\u00f6rperlichen T\u00e4tigkeiten wie dem Heben und Tragen von M\u00f6beln ist man dann schnell schwei\u00dfgebadet. Des Weiteren sind Fr\u00fchling und Sommer die beliebtesten Jahreszeiten zum Z\u00fcgeln und das kann die Umzugskosten in die H\u00f6he treiben. Damit du w\u00e4hrend der warmen Jahreszeit trotz allem einen k\u00fchlen Kopf bewahrst, haben wir hier ein paar n\u00fctzliche Tipps und Tricks zusammengestellt:<\/p>\n\n\n\n<h2 class=\"wp-block-heading\">1) Starte zeitig in der Fr\u00fch<\/h2>\n\n\n\n<p>In den Sommermonaten ist es meist zwischen 11 Uhr Vormittags und 3 Uhr Nachmittags am hei\u00dfesten. Daher empfiehlt es sich am Z\u00fcgeltag m\u00f6glichst fr\u00fch loszustarten, denn am Morgen kann es auch schon einmal gut 10 Grad k\u00e4lter sein als sp\u00e4ter am Nachmittag. Falls du den Umzug selbst organisierst und nicht unter Zeitdruck stehst, ist es au\u00dferdem ratsam, \u00fcber die Mittagszeit eine kleine Pause einzulegen. Diese kannst du dazu nutzen, um deine flei\u00dfigen Helfer mit Lunchpaketen zu versorgen und selbst ein bisschen zu entspannen.<\/p>\n\n\n\n<div class=\"wp-block-button aligncenter\"><a class=\"wp-block-button__link has-text-color has-background\" href=\"https:\/\/www.moveagain.ch\/umzug-starten\" style=\"background-color:#36a96b;color:#f2f7f4\">Umzugskosten berechnen<\/a><\/div>\n\n\n\n<h2 class=\"wp-block-heading\">2) K\u00fchlschrank und Klimaanlage einschalten<\/h2>\n\n\n\n<p>Der K\u00fchlschrank in der alten Wohnung sollte bereits abgetaut sein, jedoch empfiehlt es sich, den K\u00fchlschrank in der neuen Wohnung vor dem Umzug in Betrieb zu nehmen. Dort kannst du die Lunchpaktete und noch wichtiger &#8211; die Getr\u00e4nke &#8211; k\u00fchl lagern. Am besten l\u00fcftest du die Wohnung in der Fr\u00fch noch einmal gr\u00fcndlich durch, um ein bisschen (k\u00fchle) Frischluft hineinzubringen, bevor sich die schw\u00fcle Sommerhitze im Laufe des Tages ausbreitet. Falls in der neuen bzw. alten Wohnung eine Klimaanlage vorhanden ist, sollte diese m\u00f6glichst zeitig in Betrieb genommen werden, um die Arbeiten in der Wohnung ein bisschen angenehmer zu gestalten. Alternativ kannst du nat\u00fcrlich auch Ventilatoren in der Wohnung aufstellen.<\/p>\n\n\n\n<h2 class=\"wp-block-heading\">3) Richtige Kleidung und Sonnenschutz<\/h2>\n\n\n\n<p>Beim Z\u00fcgeln und bei k\u00f6rperlicher Arbeit generell, stehen Komfort und Sicherheit an erster Stelle. Auch wenn es noch so hei\u00df ist, solltest du auf Schuhwerk wie Flip Flops oder Sandalen aus Sicherheitsgr\u00fcnden verzichten und stattdessen auf Sport- oder Turnschuhe umsteigen. Deine Kleidung sollte jedoch leicht und luftig sein (ideal sind Baumwolle, Viskose oder Leinen), um \u00fcberm\u00e4\u00dfiges Schwitzen vorzubeugen. Zum Sonnenschutz solltest du au\u00dferdem eine Kopfbedeckung und Sonnencreme parat halten.<\/p>\n\n\n\n<h2 class=\"wp-block-heading\">4) Besorge ausreichend Getr\u00e4nke<\/h2>\n\n\n\n<p>Gerade im Sommer ist es ganz besonders wichtig ausreichend zu trinken, um den Fl\u00fcssigkeitsverlust der durch Schwitzen entsteht wieder auszugleichen. Daher ist es ratsam, vorab ausreichend Getr\u00e4nke zu besorgen, idealerweise in kleinen Plastikflaschen, damit diese auch w\u00e4hrend des Transportes mitgenommen werden k\u00f6nnen.&nbsp;<\/p>\n\n\n\n<h2 class=\"wp-block-heading\">5) Umzugsgut vor Hitze sch\u00fctzen<\/h2>\n\n\n\n<p>Manchen Gegenst\u00e4nden, wie zum Beispiel B\u00fcchern, wird Hitze nicht viel ausmachen und diese k\u00f6nnen wenn n\u00f6tig auch l\u00e4nger in der Sonne gelagert werden. Es gibt jedoch Dinge, welche Hitze nicht so gut vertragen wie beispielsweise Elektroger\u00e4te, Kosmetika, Medikamente, Lebensmittel etc. Diese sollten der Hitze bzw. Sonne nur so kurz wie m\u00f6glich ausgesetzt sein und rasch in die neue Wohnung transportiert werden. Wir empfehlen diese in separate Z\u00fcgelkisten zu verpacken und gegebenenfalls auch mit dem Hinweis \u201chitzeempfindlich\u201d zu versehen.<\/p>\n\n\n\n<div class=\"wp-block-button aligncenter\"><a class=\"wp-block-button__link has-text-color has-background\" href=\"https:\/\/www.moveagain.ch\/umzug-starten\" style=\"background-color:#36a96b;color:#f2f7f4\">Umzugskosten berechnen<\/a><\/div>\n","protected":false},"excerpt":{"rendered":"<p>Ein Umzug ist generell anstrengend, aber ganz besonders w\u00e4hrend der Sommermonate, wenn die Hitze die Arbeit noch zus\u00e4tzlich erschwert.&nbsp; Neben der hei\u00dfen Temperaturen kann au\u00dferdem die hohe Luftfeuchtigkeit f\u00fcr Unbehagen sorgen. Gerade bei schweren, k\u00f6rperlichen T\u00e4tigkeiten wie dem Heben und Tragen von M\u00f6beln ist man dann schnell schwei\u00dfgebadet. Des Weiteren sind Fr\u00fchling und Sommer die [&hellip;]<\/p>\n","protected":false},"author":7,"featured_media":2257,"comment_status":"closed","ping_status":"closed","sticky":false,"template":"","format":"standard","meta":{"footnotes":""},"categories":[227],"tags":[],"class_list":["post-1331","post","type-post","status-publish","format-standard","has-post-thumbnail","hentry","category-tipps-zum-umzug"],"yoast_head":"<!-- This site is optimized with the Yoast SEO plugin v23.4 - https:\/\/yoast.com\/wordpress\/plugins\/seo\/ -->\n<title>5 Tipps f\u00fcr das Z\u00fcgeln im Sommer - MoveAgain<\/title>\n<meta name=\"description\" content=\"Das ist der Blog von Moveagain.ch. Hier erh\u00e4lst du wertvolle Tipps f\u00fcrs z\u00fcgeln, umziehen und Endreinigung. Hier erh\u00e4lst du Beratung zu all deinen Fragen.\" \/>\n<meta name=\"robots\" content=\"index, follow, max-snippet:-1, max-image-preview:large, max-video-preview:-1\" \/>\n<link rel=\"canonical\" href=\"https:\/\/www.moveagain.ch\/beratung\/de\/5-tipps-fuer-das-zuegeln-im-sommer\/\" \/>\n<meta property=\"og:locale\" content=\"de_DE\" \/>\n<meta property=\"og:type\" content=\"article\" \/>\n<meta property=\"og:title\" content=\"5 Tipps f\u00fcr das Z\u00fcgeln im Sommer - MoveAgain\" \/>\n<meta property=\"og:description\" content=\"Das ist der Blog von Moveagain.ch. Hier erh\u00e4lst du wertvolle Tipps f\u00fcrs z\u00fcgeln, umziehen und Endreinigung. Hier erh\u00e4lst du Beratung zu all deinen Fragen.\" \/>\n<meta property=\"og:url\" content=\"https:\/\/www.moveagain.ch\/beratung\/de\/5-tipps-fuer-das-zuegeln-im-sommer\/\" \/>\n<meta property=\"og:site_name\" content=\"MoveAgain\" \/>\n<meta property=\"article:published_time\" content=\"2021-05-06T13:52:17+00:00\" \/>\n<meta property=\"article:modified_time\" content=\"2024-09-06T11:20:08+00:00\" \/>\n<meta property=\"og:image\" content=\"https:\/\/www.moveagain.ch\/beratung\/wp-content\/uploads\/2021\/05\/Depositphotos_383999910_l-2015-2.jpg\" \/>\n\t<meta property=\"og:image:width\" content=\"1073\" \/>\n\t<meta property=\"og:image:height\" content=\"716\" \/>\n\t<meta property=\"og:image:type\" content=\"image\/jpeg\" \/>\n<meta name=\"author\" content=\"Julia Halouska\" \/>\n<meta name=\"twitter:card\" content=\"summary_large_image\" \/>\n<meta name=\"twitter:label1\" content=\"Verfasst von\" \/>\n\t<meta name=\"twitter:data1\" content=\"Julia Halouska\" \/>\n\t<meta name=\"twitter:label2\" content=\"Gesch\u00e4tzte Lesezeit\" \/>\n\t<meta name=\"twitter:data2\" content=\"3\u00a0Minuten\" \/>\n<script type=\"application\/ld+json\" class=\"yoast-schema-graph\">{\"@context\":\"https:\/\/schema.org\",\"@graph\":[{\"@type\":\"Article\",\"@id\":\"https:\/\/www.moveagain.ch\/beratung\/de\/5-tipps-fuer-das-zuegeln-im-sommer\/#article\",\"isPartOf\":{\"@id\":\"https:\/\/www.moveagain.ch\/beratung\/de\/5-tipps-fuer-das-zuegeln-im-sommer\/\"},\"author\":{\"name\":\"Julia Halouska\",\"@id\":\"https:\/\/www.moveagain.ch\/beratung\/#\/schema\/person\/d100e510f3cf28716be4c4a29aa85561\"},\"headline\":\"5 Tipps f\u00fcr das Z\u00fcgeln im Sommer\",\"datePublished\":\"2021-05-06T13:52:17+00:00\",\"dateModified\":\"2024-09-06T11:20:08+00:00\",\"mainEntityOfPage\":{\"@id\":\"https:\/\/www.moveagain.ch\/beratung\/de\/5-tipps-fuer-das-zuegeln-im-sommer\/\"},\"wordCount\":558,\"publisher\":{\"@id\":\"https:\/\/www.moveagain.ch\/beratung\/#organization\"},\"image\":{\"@id\":\"https:\/\/www.moveagain.ch\/beratung\/de\/5-tipps-fuer-das-zuegeln-im-sommer\/#primaryimage\"},\"thumbnailUrl\":\"https:\/\/www.moveagain.ch\/beratung\/wp-content\/uploads\/2021\/05\/Depositphotos_383999910_l-2015-2.jpg\",\"articleSection\":[\"Tipps zum Umzug\"],\"inLanguage\":\"de\"},{\"@type\":\"WebPage\",\"@id\":\"https:\/\/www.moveagain.ch\/beratung\/de\/5-tipps-fuer-das-zuegeln-im-sommer\/\",\"url\":\"https:\/\/www.moveagain.ch\/beratung\/de\/5-tipps-fuer-das-zuegeln-im-sommer\/\",\"name\":\"5 Tipps f\u00fcr das Z\u00fcgeln im Sommer - MoveAgain\",\"isPartOf\":{\"@id\":\"https:\/\/www.moveagain.ch\/beratung\/#website\"},\"primaryImageOfPage\":{\"@id\":\"https:\/\/www.moveagain.ch\/beratung\/de\/5-tipps-fuer-das-zuegeln-im-sommer\/#primaryimage\"},\"image\":{\"@id\":\"https:\/\/www.moveagain.ch\/beratung\/de\/5-tipps-fuer-das-zuegeln-im-sommer\/#primaryimage\"},\"thumbnailUrl\":\"https:\/\/www.moveagain.ch\/beratung\/wp-content\/uploads\/2021\/05\/Depositphotos_383999910_l-2015-2.jpg\",\"datePublished\":\"2021-05-06T13:52:17+00:00\",\"dateModified\":\"2024-09-06T11:20:08+00:00\",\"description\":\"Das ist der Blog von Moveagain.ch. Hier erh\u00e4lst du wertvolle Tipps f\u00fcrs z\u00fcgeln, umziehen und Endreinigung. Hier erh\u00e4lst du Beratung zu all deinen Fragen.\",\"breadcrumb\":{\"@id\":\"https:\/\/www.moveagain.ch\/beratung\/de\/5-tipps-fuer-das-zuegeln-im-sommer\/#breadcrumb\"},\"inLanguage\":\"de\",\"potentialAction\":[{\"@type\":\"ReadAction\",\"target\":[\"https:\/\/www.moveagain.ch\/beratung\/de\/5-tipps-fuer-das-zuegeln-im-sommer\/\"]}]},{\"@type\":\"ImageObject\",\"inLanguage\":\"de\",\"@id\":\"https:\/\/www.moveagain.ch\/beratung\/de\/5-tipps-fuer-das-zuegeln-im-sommer\/#primaryimage\",\"url\":\"https:\/\/www.moveagain.ch\/beratung\/wp-content\/uploads\/2021\/05\/Depositphotos_383999910_l-2015-2.jpg\",\"contentUrl\":\"https:\/\/www.moveagain.ch\/beratung\/wp-content\/uploads\/2021\/05\/Depositphotos_383999910_l-2015-2.jpg\",\"width\":1073,\"height\":716},{\"@type\":\"BreadcrumbList\",\"@id\":\"https:\/\/www.moveagain.ch\/beratung\/de\/5-tipps-fuer-das-zuegeln-im-sommer\/#breadcrumb\",\"itemListElement\":[{\"@type\":\"ListItem\",\"position\":1,\"name\":\"Home\",\"item\":\"https:\/\/www.moveagain.ch\/beratung\/\"},{\"@type\":\"ListItem\",\"position\":2,\"name\":\"5 Tipps f\u00fcr das Z\u00fcgeln im Sommer\"}]},{\"@type\":\"WebSite\",\"@id\":\"https:\/\/www.moveagain.ch\/beratung\/#website\",\"url\":\"https:\/\/www.moveagain.ch\/beratung\/\",\"name\":\"MoveAgain\",\"description\":\"Ihre sichere Adresse f\u00fcr Umz\u00fcge in der ganzen Schweiz\",\"publisher\":{\"@id\":\"https:\/\/www.moveagain.ch\/beratung\/#organization\"},\"potentialAction\":[{\"@type\":\"SearchAction\",\"target\":{\"@type\":\"EntryPoint\",\"urlTemplate\":\"https:\/\/www.moveagain.ch\/beratung\/?s={search_term_string}\"},\"query-input\":{\"@type\":\"PropertyValueSpecification\",\"valueRequired\":true,\"valueName\":\"search_term_string\"}}],\"inLanguage\":\"de\"},{\"@type\":\"Organization\",\"@id\":\"https:\/\/www.moveagain.ch\/beratung\/#organization\",\"name\":\"Moveagain\",\"url\":\"https:\/\/www.moveagain.ch\/beratung\/\",\"logo\":{\"@type\":\"ImageObject\",\"inLanguage\":\"de\",\"@id\":\"https:\/\/www.moveagain.ch\/beratung\/#\/schema\/logo\/image\/\",\"url\":\"https:\/\/www.moveagain.ch\/beratung\/wp-content\/uploads\/2018\/09\/logo-v2.png\",\"contentUrl\":\"https:\/\/www.moveagain.ch\/beratung\/wp-content\/uploads\/2018\/09\/logo-v2.png\",\"width\":1457,\"height\":309,\"caption\":\"Moveagain\"},\"image\":{\"@id\":\"https:\/\/www.moveagain.ch\/beratung\/#\/schema\/logo\/image\/\"}},{\"@type\":\"Person\",\"@id\":\"https:\/\/www.moveagain.ch\/beratung\/#\/schema\/person\/d100e510f3cf28716be4c4a29aa85561\",\"name\":\"Julia Halouska\",\"image\":{\"@type\":\"ImageObject\",\"inLanguage\":\"de\",\"@id\":\"https:\/\/www.moveagain.ch\/beratung\/#\/schema\/person\/image\/\",\"url\":\"https:\/\/secure.gravatar.com\/avatar\/e38383b54b7dfc5f710e82dfb270fe5e?s=96&d=mm&r=g\",\"contentUrl\":\"https:\/\/secure.gravatar.com\/avatar\/e38383b54b7dfc5f710e82dfb270fe5e?s=96&d=mm&r=g\",\"caption\":\"Julia Halouska\"},\"url\":\"https:\/\/www.moveagain.ch\/beratung\/de\/author\/julia-halouska\/\"}]}<\/script>\n<!-- \/ Yoast SEO plugin. -->","yoast_head_json":{"title":"5 Tipps f\u00fcr das Z\u00fcgeln im Sommer - MoveAgain","description":"Das ist der Blog von Moveagain.ch. Hier erh\u00e4lst du wertvolle Tipps f\u00fcrs z\u00fcgeln, umziehen und Endreinigung. Hier erh\u00e4lst du Beratung zu all deinen Fragen.","robots":{"index":"index","follow":"follow","max-snippet":"max-snippet:-1","max-image-preview":"max-image-preview:large","max-video-preview":"max-video-preview:-1"},"canonical":"https:\/\/www.moveagain.ch\/beratung\/de\/5-tipps-fuer-das-zuegeln-im-sommer\/","og_locale":"de_DE","og_type":"article","og_title":"5 Tipps f\u00fcr das Z\u00fcgeln im Sommer - MoveAgain","og_description":"Das ist der Blog von Moveagain.ch. Hier erh\u00e4lst du wertvolle Tipps f\u00fcrs z\u00fcgeln, umziehen und Endreinigung. Hier erh\u00e4lst du Beratung zu all deinen Fragen.","og_url":"https:\/\/www.moveagain.ch\/beratung\/de\/5-tipps-fuer-das-zuegeln-im-sommer\/","og_site_name":"MoveAgain","article_published_time":"2021-05-06T13:52:17+00:00","article_modified_time":"2024-09-06T11:20:08+00:00","og_image":[{"width":1073,"height":716,"url":"https:\/\/www.moveagain.ch\/beratung\/wp-content\/uploads\/2021\/05\/Depositphotos_383999910_l-2015-2.jpg","type":"image\/jpeg"}],"author":"Julia Halouska","twitter_card":"summary_large_image","twitter_misc":{"Verfasst von":"Julia Halouska","Gesch\u00e4tzte Lesezeit":"3\u00a0Minuten"},"schema":{"@context":"https:\/\/schema.org","@graph":[{"@type":"Article","@id":"https:\/\/www.moveagain.ch\/beratung\/de\/5-tipps-fuer-das-zuegeln-im-sommer\/#article","isPartOf":{"@id":"https:\/\/www.moveagain.ch\/beratung\/de\/5-tipps-fuer-das-zuegeln-im-sommer\/"},"author":{"name":"Julia Halouska","@id":"https:\/\/www.moveagain.ch\/beratung\/#\/schema\/person\/d100e510f3cf28716be4c4a29aa85561"},"headline":"5 Tipps f\u00fcr das Z\u00fcgeln im Sommer","datePublished":"2021-05-06T13:52:17+00:00","dateModified":"2024-09-06T11:20:08+00:00","mainEntityOfPage":{"@id":"https:\/\/www.moveagain.ch\/beratung\/de\/5-tipps-fuer-das-zuegeln-im-sommer\/"},"wordCount":558,"publisher":{"@id":"https:\/\/www.moveagain.ch\/beratung\/#organization"},"image":{"@id":"https:\/\/www.moveagain.ch\/beratung\/de\/5-tipps-fuer-das-zuegeln-im-sommer\/#primaryimage"},"thumbnailUrl":"https:\/\/www.moveagain.ch\/beratung\/wp-content\/uploads\/2021\/05\/Depositphotos_383999910_l-2015-2.jpg","articleSection":["Tipps zum Umzug"],"inLanguage":"de"},{"@type":"WebPage","@id":"https:\/\/www.moveagain.ch\/beratung\/de\/5-tipps-fuer-das-zuegeln-im-sommer\/","url":"https:\/\/www.moveagain.ch\/beratung\/de\/5-tipps-fuer-das-zuegeln-im-sommer\/","name":"5 Tipps f\u00fcr das Z\u00fcgeln im Sommer - MoveAgain","isPartOf":{"@id":"https:\/\/www.moveagain.ch\/beratung\/#website"},"primaryImageOfPage":{"@id":"https:\/\/www.moveagain.ch\/beratung\/de\/5-tipps-fuer-das-zuegeln-im-sommer\/#primaryimage"},"image":{"@id":"https:\/\/www.moveagain.ch\/beratung\/de\/5-tipps-fuer-das-zuegeln-im-sommer\/#primaryimage"},"thumbnailUrl":"https:\/\/www.moveagain.ch\/beratung\/wp-content\/uploads\/2021\/05\/Depositphotos_383999910_l-2015-2.jpg","datePublished":"2021-05-06T13:52:17+00:00","dateModified":"2024-09-06T11:20:08+00:00","description":"Das ist der Blog von Moveagain.ch. Hier erh\u00e4lst du wertvolle Tipps f\u00fcrs z\u00fcgeln, umziehen und Endreinigung. Hier erh\u00e4lst du Beratung zu all deinen Fragen.","breadcrumb":{"@id":"https:\/\/www.moveagain.ch\/beratung\/de\/5-tipps-fuer-das-zuegeln-im-sommer\/#breadcrumb"},"inLanguage":"de","potentialAction":[{"@type":"ReadAction","target":["https:\/\/www.moveagain.ch\/beratung\/de\/5-tipps-fuer-das-zuegeln-im-sommer\/"]}]},{"@type":"ImageObject","inLanguage":"de","@id":"https:\/\/www.moveagain.ch\/beratung\/de\/5-tipps-fuer-das-zuegeln-im-sommer\/#primaryimage","url":"https:\/\/www.moveagain.ch\/beratung\/wp-content\/uploads\/2021\/05\/Depositphotos_383999910_l-2015-2.jpg","contentUrl":"https:\/\/www.moveagain.ch\/beratung\/wp-content\/uploads\/2021\/05\/Depositphotos_383999910_l-2015-2.jpg","width":1073,"height":716},{"@type":"BreadcrumbList","@id":"https:\/\/www.moveagain.ch\/beratung\/de\/5-tipps-fuer-das-zuegeln-im-sommer\/#breadcrumb","itemListElement":[{"@type":"ListItem","position":1,"name":"Home","item":"https:\/\/www.moveagain.ch\/beratung\/"},{"@type":"ListItem","position":2,"name":"5 Tipps f\u00fcr das Z\u00fcgeln im Sommer"}]},{"@type":"WebSite","@id":"https:\/\/www.moveagain.ch\/beratung\/#website","url":"https:\/\/www.moveagain.ch\/beratung\/","name":"MoveAgain","description":"Ihre sichere Adresse f\u00fcr Umz\u00fcge in der ganzen Schweiz","publisher":{"@id":"https:\/\/www.moveagain.ch\/beratung\/#organization"},"potentialAction":[{"@type":"SearchAction","target":{"@type":"EntryPoint","urlTemplate":"https:\/\/www.moveagain.ch\/beratung\/?s={search_term_string}"},"query-input":{"@type":"PropertyValueSpecification","valueRequired":true,"valueName":"search_term_string"}}],"inLanguage":"de"},{"@type":"Organization","@id":"https:\/\/www.moveagain.ch\/beratung\/#organization","name":"Moveagain","url":"https:\/\/www.moveagain.ch\/beratung\/","logo":{"@type":"ImageObject","inLanguage":"de","@id":"https:\/\/www.moveagain.ch\/beratung\/#\/schema\/logo\/image\/","url":"https:\/\/www.moveagain.ch\/beratung\/wp-content\/uploads\/2018\/09\/logo-v2.png","contentUrl":"https:\/\/www.moveagain.ch\/beratung\/wp-content\/uploads\/2018\/09\/logo-v2.png","width":1457,"height":309,"caption":"Moveagain"},"image":{"@id":"https:\/\/www.moveagain.ch\/beratung\/#\/schema\/logo\/image\/"}},{"@type":"Person","@id":"https:\/\/www.moveagain.ch\/beratung\/#\/schema\/person\/d100e510f3cf28716be4c4a29aa85561","name":"Julia Halouska","image":{"@type":"ImageObject","inLanguage":"de","@id":"https:\/\/www.moveagain.ch\/beratung\/#\/schema\/person\/image\/","url":"https:\/\/secure.gravatar.com\/avatar\/e38383b54b7dfc5f710e82dfb270fe5e?s=96&d=mm&r=g","contentUrl":"https:\/\/secure.gravatar.com\/avatar\/e38383b54b7dfc5f710e82dfb270fe5e?s=96&d=mm&r=g","caption":"Julia Halouska"},"url":"https:\/\/www.moveagain.ch\/beratung\/de\/author\/julia-halouska\/"}]}},"_links":{"self":[{"href":"https:\/\/www.moveagain.ch\/beratung\/de\/wp-json\/wp\/v2\/posts\/1331"}],"collection":[{"href":"https:\/\/www.moveagain.ch\/beratung\/de\/wp-json\/wp\/v2\/posts"}],"about":[{"href":"https:\/\/www.moveagain.ch\/beratung\/de\/wp-json\/wp\/v2\/types\/post"}],"author":[{"embeddable":true,"href":"https:\/\/www.moveagain.ch\/beratung\/de\/wp-json\/wp\/v2\/users\/7"}],"replies":[{"embeddable":true,"href":"https:\/\/www.moveagain.ch\/beratung\/de\/wp-json\/wp\/v2\/comments?post=1331"}],"version-history":[{"count":2,"href":"https:\/\/www.moveagain.ch\/beratung\/de\/wp-json\/wp\/v2\/posts\/1331\/revisions"}],"predecessor-version":[{"id":2557,"href":"https:\/\/www.moveagain.ch\/beratung\/de\/wp-json\/wp\/v2\/posts\/1331\/revisions\/2557"}],"wp:featuredmedia":[{"embeddable":true,"href":"https:\/\/www.moveagain.ch\/beratung\/de\/wp-json\/wp\/v2\/media\/2257"}],"wp:attachment":[{"href":"https:\/\/www.moveagain.ch\/beratung\/de\/wp-json\/wp\/v2\/media?parent=1331"}],"wp:term":[{"taxonomy":"category","embeddable":true,"href":"https:\/\/www.moveagain.ch\/beratung\/de\/wp-json\/wp\/v2\/categories?post=1331"},{"taxonomy":"post_tag","embeddable":true,"href":"https:\/\/www.moveagain.ch\/beratung\/de\/wp-json\/wp\/v2\/tags?post=1331"}],"curies":[{"name":"wp","href":"https:\/\/api.w.org\/{rel}","templated":true}]}}