{"id":211,"date":"2018-08-29T11:24:22","date_gmt":"2018-08-29T11:24:22","guid":{"rendered":"http:\/\/umzug-checkliste-schweiz.ch\/?p=211"},"modified":"2024-09-06T11:36:28","modified_gmt":"2024-09-06T11:36:28","slug":"umfrage-die-schweizer-zieht-es-aufs-land","status":"publish","type":"post","link":"https:\/\/www.moveagain.ch\/beratung\/de\/umfrage-die-schweizer-zieht-es-aufs-land\/","title":{"rendered":"Umfrage: Die Schweizer zieht es aufs Land"},"content":{"rendered":"<p><span style=\"font-weight: 400;\">Fast jeder zweite Schweizer tr\u00e4umt vom Eigenheim auf dem Land, wie eine Studie von Moneypark dies belegt. Das Leben in der Stadt ist nicht mehr attraktiv.<\/span><\/p>\n<p><span style=\"font-weight: 400;\">Rund 41% der Schweizer m\u00f6chten auf dem Land leben, das sind 7% mehr als noch im Vorjahr. \u201c<\/span><span style=\"font-weight: 400;\">Das ist in unserer j\u00e4hrlichen Umfrage ein erstmals auff\u00e4lliger Trend, der uns selbst \u00fcberrascht hat\u201d, sagt Stefan Heitmann, CEO des Hypothekenvermittlers Moneypark gegen\u00fcber 20 Minuten.<\/span><\/p>\n<p><span style=\"font-weight: 400;\">Die N\u00e4he des Arbeitsplatzes ist dank dem effizienten \u00f6ffentlichen Verkehr weniger wichtig geworden. Nur noch 16% der befragten wollten noch im Stadtzentrum leben, rund 21% in der Agglomeration und weitere 22% am Stadtrand.<\/span><\/p>\n<p><span style=\"font-weight: 400;\">Nebst dem Leben auf dem Land sei es Herr und Frau Schweizer wichtig ein klassisches Einfamilienhaus zu besitzen. F\u00fcr knapp 44% der Befragten war dies die beliebteste Wohnform. Dazu geh\u00f6rt ein eigener Garten oder eine Terrasse\/Balkon. Denn ohne Ort zum Grillieren oder S\u00fcnnele k\u00f6nnen sich mehr als 70 Prozent der Befragten ihr Eigenheim nicht vorstellen.<\/span><\/p>\n<p><span style=\"font-weight: 400;\"><strong>Nun fragen wir unsere Leser:<\/strong> Wo w\u00fcrdet ihre gerne wohnen? Auf dem Land? In der Agglomeration oder doch lieber mitten in der Stadt Z\u00fcrich, Bern oder Basel? <\/span><\/p>\n<p><script>(function(d,s,id){var js,fjs=d.getElementsByTagName(s)[0];if(d.getElementById(id))return;js=d.createElement(s);js.id=id;js.src='https:\/\/embed.playbuzz.com\/sdk.js';fjs.parentNode.insertBefore(js,fjs);}(document,'script','playbuzz-sdk'));<\/script><\/p>\n<div class=\"playbuzz\" data-id=\"5847da30-21dd-4f21-8f37-ab858d3da09c\" data-show-share=\"false\" data-show-info=\"false\"><\/div>\n","protected":false},"excerpt":{"rendered":"<p>Fast jeder zweite Schweizer tr\u00e4umt vom Eigenheim auf dem Land, wie eine Studie von Moneypark dies belegt. Das Leben in der Stadt ist nicht mehr attraktiv. Rund 41% der Schweizer m\u00f6chten auf dem Land leben, das sind 7% mehr als noch im Vorjahr. \u201cDas ist in unserer j\u00e4hrlichen Umfrage ein erstmals auff\u00e4lliger Trend, der uns [&hellip;]<\/p>\n","protected":false},"author":13,"featured_media":2266,"comment_status":"closed","ping_status":"open","sticky":false,"template":"","format":"standard","meta":{"footnotes":""},"categories":[1],"tags":[],"class_list":["post-211","post","type-post","status-publish","format-standard","has-post-thumbnail","hentry","category-unkategorisiert"],"yoast_head":"<!-- This site is optimized with the Yoast SEO plugin v23.4 - https:\/\/yoast.com\/wordpress\/plugins\/seo\/ -->\n<title>Umfrage: Die Schweizer zieht es aufs Land - MoveAgain<\/title>\n<meta name=\"description\" content=\"Fast jeder zweite Schweizer tr\u00e4umt vom Eigenheim auf dem Land, wie eine Studie von Moneypark dies belegt. Die Schweizer zieht es aufs Land.\" \/>\n<meta name=\"robots\" content=\"index, follow, max-snippet:-1, max-image-preview:large, max-video-preview:-1\" \/>\n<link rel=\"canonical\" href=\"https:\/\/www.moveagain.ch\/beratung\/de\/umfrage-die-schweizer-zieht-es-aufs-land\/\" \/>\n<meta property=\"og:locale\" content=\"de_DE\" \/>\n<meta property=\"og:type\" content=\"article\" \/>\n<meta property=\"og:title\" content=\"Umfrage: Die Schweizer zieht es aufs Land - MoveAgain\" \/>\n<meta property=\"og:description\" content=\"Fast jeder zweite Schweizer tr\u00e4umt vom Eigenheim auf dem Land, wie eine Studie von Moneypark dies belegt. Die Schweizer zieht es aufs Land.\" \/>\n<meta property=\"og:url\" content=\"https:\/\/www.moveagain.ch\/beratung\/de\/umfrage-die-schweizer-zieht-es-aufs-land\/\" \/>\n<meta property=\"og:site_name\" content=\"MoveAgain\" \/>\n<meta property=\"article:published_time\" content=\"2018-08-29T11:24:22+00:00\" \/>\n<meta property=\"article:modified_time\" content=\"2024-09-06T11:36:28+00:00\" \/>\n<meta property=\"og:image\" content=\"https:\/\/www.moveagain.ch\/beratung\/wp-content\/uploads\/2018\/08\/Die-Schweizer-zieht-es-aufs-Land-2.jpg\" \/>\n\t<meta property=\"og:image:width\" content=\"489\" \/>\n\t<meta property=\"og:image:height\" content=\"326\" \/>\n\t<meta property=\"og:image:type\" content=\"image\/jpeg\" \/>\n<meta name=\"author\" content=\"Mladjan Filipovic\" \/>\n<meta name=\"twitter:card\" content=\"summary_large_image\" \/>\n<meta name=\"twitter:label1\" content=\"Verfasst von\" \/>\n\t<meta name=\"twitter:data1\" content=\"Mladjan Filipovic\" \/>\n\t<meta name=\"twitter:label2\" content=\"Gesch\u00e4tzte Lesezeit\" \/>\n\t<meta name=\"twitter:data2\" content=\"1\u00a0Minute\" \/>\n<script type=\"application\/ld+json\" class=\"yoast-schema-graph\">{\"@context\":\"https:\/\/schema.org\",\"@graph\":[{\"@type\":\"Article\",\"@id\":\"https:\/\/www.moveagain.ch\/beratung\/de\/umfrage-die-schweizer-zieht-es-aufs-land\/#article\",\"isPartOf\":{\"@id\":\"https:\/\/www.moveagain.ch\/beratung\/de\/umfrage-die-schweizer-zieht-es-aufs-land\/\"},\"author\":{\"name\":\"Mladjan Filipovic\",\"@id\":\"https:\/\/www.moveagain.ch\/beratung\/#\/schema\/person\/9832ee75956cacc6fc458e06135b8a4a\"},\"headline\":\"Umfrage: Die Schweizer zieht es aufs Land\",\"datePublished\":\"2018-08-29T11:24:22+00:00\",\"dateModified\":\"2024-09-06T11:36:28+00:00\",\"mainEntityOfPage\":{\"@id\":\"https:\/\/www.moveagain.ch\/beratung\/de\/umfrage-die-schweizer-zieht-es-aufs-land\/\"},\"wordCount\":195,\"publisher\":{\"@id\":\"https:\/\/www.moveagain.ch\/beratung\/#organization\"},\"image\":{\"@id\":\"https:\/\/www.moveagain.ch\/beratung\/de\/umfrage-die-schweizer-zieht-es-aufs-land\/#primaryimage\"},\"thumbnailUrl\":\"https:\/\/www.moveagain.ch\/beratung\/wp-content\/uploads\/2018\/08\/Die-Schweizer-zieht-es-aufs-Land-2.jpg\",\"articleSection\":[\"Unkategorisiert\"],\"inLanguage\":\"de\"},{\"@type\":\"WebPage\",\"@id\":\"https:\/\/www.moveagain.ch\/beratung\/de\/umfrage-die-schweizer-zieht-es-aufs-land\/\",\"url\":\"https:\/\/www.moveagain.ch\/beratung\/de\/umfrage-die-schweizer-zieht-es-aufs-land\/\",\"name\":\"Umfrage: Die Schweizer zieht es aufs Land - MoveAgain\",\"isPartOf\":{\"@id\":\"https:\/\/www.moveagain.ch\/beratung\/#website\"},\"primaryImageOfPage\":{\"@id\":\"https:\/\/www.moveagain.ch\/beratung\/de\/umfrage-die-schweizer-zieht-es-aufs-land\/#primaryimage\"},\"image\":{\"@id\":\"https:\/\/www.moveagain.ch\/beratung\/de\/umfrage-die-schweizer-zieht-es-aufs-land\/#primaryimage\"},\"thumbnailUrl\":\"https:\/\/www.moveagain.ch\/beratung\/wp-content\/uploads\/2018\/08\/Die-Schweizer-zieht-es-aufs-Land-2.jpg\",\"datePublished\":\"2018-08-29T11:24:22+00:00\",\"dateModified\":\"2024-09-06T11:36:28+00:00\",\"description\":\"Fast jeder zweite Schweizer tr\u00e4umt vom Eigenheim auf dem Land, wie eine Studie von Moneypark dies belegt. Die Schweizer zieht es aufs Land.\",\"breadcrumb\":{\"@id\":\"https:\/\/www.moveagain.ch\/beratung\/de\/umfrage-die-schweizer-zieht-es-aufs-land\/#breadcrumb\"},\"inLanguage\":\"de\",\"potentialAction\":[{\"@type\":\"ReadAction\",\"target\":[\"https:\/\/www.moveagain.ch\/beratung\/de\/umfrage-die-schweizer-zieht-es-aufs-land\/\"]}]},{\"@type\":\"ImageObject\",\"inLanguage\":\"de\",\"@id\":\"https:\/\/www.moveagain.ch\/beratung\/de\/umfrage-die-schweizer-zieht-es-aufs-land\/#primaryimage\",\"url\":\"https:\/\/www.moveagain.ch\/beratung\/wp-content\/uploads\/2018\/08\/Die-Schweizer-zieht-es-aufs-Land-2.jpg\",\"contentUrl\":\"https:\/\/www.moveagain.ch\/beratung\/wp-content\/uploads\/2018\/08\/Die-Schweizer-zieht-es-aufs-Land-2.jpg\",\"width\":489,\"height\":326},{\"@type\":\"BreadcrumbList\",\"@id\":\"https:\/\/www.moveagain.ch\/beratung\/de\/umfrage-die-schweizer-zieht-es-aufs-land\/#breadcrumb\",\"itemListElement\":[{\"@type\":\"ListItem\",\"position\":1,\"name\":\"Home\",\"item\":\"https:\/\/www.moveagain.ch\/beratung\/\"},{\"@type\":\"ListItem\",\"position\":2,\"name\":\"Umfrage: Die Schweizer zieht es aufs Land\"}]},{\"@type\":\"WebSite\",\"@id\":\"https:\/\/www.moveagain.ch\/beratung\/#website\",\"url\":\"https:\/\/www.moveagain.ch\/beratung\/\",\"name\":\"MoveAgain\",\"description\":\"Ihre sichere Adresse f\u00fcr Umz\u00fcge in der ganzen Schweiz\",\"publisher\":{\"@id\":\"https:\/\/www.moveagain.ch\/beratung\/#organization\"},\"potentialAction\":[{\"@type\":\"SearchAction\",\"target\":{\"@type\":\"EntryPoint\",\"urlTemplate\":\"https:\/\/www.moveagain.ch\/beratung\/?s={search_term_string}\"},\"query-input\":{\"@type\":\"PropertyValueSpecification\",\"valueRequired\":true,\"valueName\":\"search_term_string\"}}],\"inLanguage\":\"de\"},{\"@type\":\"Organization\",\"@id\":\"https:\/\/www.moveagain.ch\/beratung\/#organization\",\"name\":\"Moveagain\",\"url\":\"https:\/\/www.moveagain.ch\/beratung\/\",\"logo\":{\"@type\":\"ImageObject\",\"inLanguage\":\"de\",\"@id\":\"https:\/\/www.moveagain.ch\/beratung\/#\/schema\/logo\/image\/\",\"url\":\"https:\/\/www.moveagain.ch\/beratung\/wp-content\/uploads\/2018\/09\/logo-v2.png\",\"contentUrl\":\"https:\/\/www.moveagain.ch\/beratung\/wp-content\/uploads\/2018\/09\/logo-v2.png\",\"width\":1457,\"height\":309,\"caption\":\"Moveagain\"},\"image\":{\"@id\":\"https:\/\/www.moveagain.ch\/beratung\/#\/schema\/logo\/image\/\"}},{\"@type\":\"Person\",\"@id\":\"https:\/\/www.moveagain.ch\/beratung\/#\/schema\/person\/9832ee75956cacc6fc458e06135b8a4a\",\"name\":\"Mladjan Filipovic\",\"image\":{\"@type\":\"ImageObject\",\"inLanguage\":\"de\",\"@id\":\"https:\/\/www.moveagain.ch\/beratung\/#\/schema\/person\/image\/\",\"url\":\"https:\/\/secure.gravatar.com\/avatar\/dcdfd8125f4cd34dc85bc40d687d1f74?s=96&d=mm&r=g\",\"contentUrl\":\"https:\/\/secure.gravatar.com\/avatar\/dcdfd8125f4cd34dc85bc40d687d1f74?s=96&d=mm&r=g\",\"caption\":\"Mladjan Filipovic\"},\"url\":\"https:\/\/www.moveagain.ch\/beratung\/de\/author\/mladjan\/\"}]}<\/script>\n<!-- \/ Yoast SEO plugin. -->","yoast_head_json":{"title":"Umfrage: Die Schweizer zieht es aufs Land - MoveAgain","description":"Fast jeder zweite Schweizer tr\u00e4umt vom Eigenheim auf dem Land, wie eine Studie von Moneypark dies belegt. Die Schweizer zieht es aufs Land.","robots":{"index":"index","follow":"follow","max-snippet":"max-snippet:-1","max-image-preview":"max-image-preview:large","max-video-preview":"max-video-preview:-1"},"canonical":"https:\/\/www.moveagain.ch\/beratung\/de\/umfrage-die-schweizer-zieht-es-aufs-land\/","og_locale":"de_DE","og_type":"article","og_title":"Umfrage: Die Schweizer zieht es aufs Land - MoveAgain","og_description":"Fast jeder zweite Schweizer tr\u00e4umt vom Eigenheim auf dem Land, wie eine Studie von Moneypark dies belegt. Die Schweizer zieht es aufs Land.","og_url":"https:\/\/www.moveagain.ch\/beratung\/de\/umfrage-die-schweizer-zieht-es-aufs-land\/","og_site_name":"MoveAgain","article_published_time":"2018-08-29T11:24:22+00:00","article_modified_time":"2024-09-06T11:36:28+00:00","og_image":[{"width":489,"height":326,"url":"https:\/\/www.moveagain.ch\/beratung\/wp-content\/uploads\/2018\/08\/Die-Schweizer-zieht-es-aufs-Land-2.jpg","type":"image\/jpeg"}],"author":"Mladjan Filipovic","twitter_card":"summary_large_image","twitter_misc":{"Verfasst von":"Mladjan Filipovic","Gesch\u00e4tzte Lesezeit":"1\u00a0Minute"},"schema":{"@context":"https:\/\/schema.org","@graph":[{"@type":"Article","@id":"https:\/\/www.moveagain.ch\/beratung\/de\/umfrage-die-schweizer-zieht-es-aufs-land\/#article","isPartOf":{"@id":"https:\/\/www.moveagain.ch\/beratung\/de\/umfrage-die-schweizer-zieht-es-aufs-land\/"},"author":{"name":"Mladjan Filipovic","@id":"https:\/\/www.moveagain.ch\/beratung\/#\/schema\/person\/9832ee75956cacc6fc458e06135b8a4a"},"headline":"Umfrage: Die Schweizer zieht es aufs Land","datePublished":"2018-08-29T11:24:22+00:00","dateModified":"2024-09-06T11:36:28+00:00","mainEntityOfPage":{"@id":"https:\/\/www.moveagain.ch\/beratung\/de\/umfrage-die-schweizer-zieht-es-aufs-land\/"},"wordCount":195,"publisher":{"@id":"https:\/\/www.moveagain.ch\/beratung\/#organization"},"image":{"@id":"https:\/\/www.moveagain.ch\/beratung\/de\/umfrage-die-schweizer-zieht-es-aufs-land\/#primaryimage"},"thumbnailUrl":"https:\/\/www.moveagain.ch\/beratung\/wp-content\/uploads\/2018\/08\/Die-Schweizer-zieht-es-aufs-Land-2.jpg","articleSection":["Unkategorisiert"],"inLanguage":"de"},{"@type":"WebPage","@id":"https:\/\/www.moveagain.ch\/beratung\/de\/umfrage-die-schweizer-zieht-es-aufs-land\/","url":"https:\/\/www.moveagain.ch\/beratung\/de\/umfrage-die-schweizer-zieht-es-aufs-land\/","name":"Umfrage: Die Schweizer zieht es aufs Land - MoveAgain","isPartOf":{"@id":"https:\/\/www.moveagain.ch\/beratung\/#website"},"primaryImageOfPage":{"@id":"https:\/\/www.moveagain.ch\/beratung\/de\/umfrage-die-schweizer-zieht-es-aufs-land\/#primaryimage"},"image":{"@id":"https:\/\/www.moveagain.ch\/beratung\/de\/umfrage-die-schweizer-zieht-es-aufs-land\/#primaryimage"},"thumbnailUrl":"https:\/\/www.moveagain.ch\/beratung\/wp-content\/uploads\/2018\/08\/Die-Schweizer-zieht-es-aufs-Land-2.jpg","datePublished":"2018-08-29T11:24:22+00:00","dateModified":"2024-09-06T11:36:28+00:00","description":"Fast jeder zweite Schweizer tr\u00e4umt vom Eigenheim auf dem Land, wie eine Studie von Moneypark dies belegt. Die Schweizer zieht es aufs Land.","breadcrumb":{"@id":"https:\/\/www.moveagain.ch\/beratung\/de\/umfrage-die-schweizer-zieht-es-aufs-land\/#breadcrumb"},"inLanguage":"de","potentialAction":[{"@type":"ReadAction","target":["https:\/\/www.moveagain.ch\/beratung\/de\/umfrage-die-schweizer-zieht-es-aufs-land\/"]}]},{"@type":"ImageObject","inLanguage":"de","@id":"https:\/\/www.moveagain.ch\/beratung\/de\/umfrage-die-schweizer-zieht-es-aufs-land\/#primaryimage","url":"https:\/\/www.moveagain.ch\/beratung\/wp-content\/uploads\/2018\/08\/Die-Schweizer-zieht-es-aufs-Land-2.jpg","contentUrl":"https:\/\/www.moveagain.ch\/beratung\/wp-content\/uploads\/2018\/08\/Die-Schweizer-zieht-es-aufs-Land-2.jpg","width":489,"height":326},{"@type":"BreadcrumbList","@id":"https:\/\/www.moveagain.ch\/beratung\/de\/umfrage-die-schweizer-zieht-es-aufs-land\/#breadcrumb","itemListElement":[{"@type":"ListItem","position":1,"name":"Home","item":"https:\/\/www.moveagain.ch\/beratung\/"},{"@type":"ListItem","position":2,"name":"Umfrage: Die Schweizer zieht es aufs Land"}]},{"@type":"WebSite","@id":"https:\/\/www.moveagain.ch\/beratung\/#website","url":"https:\/\/www.moveagain.ch\/beratung\/","name":"MoveAgain","description":"Ihre sichere Adresse f\u00fcr Umz\u00fcge in der ganzen Schweiz","publisher":{"@id":"https:\/\/www.moveagain.ch\/beratung\/#organization"},"potentialAction":[{"@type":"SearchAction","target":{"@type":"EntryPoint","urlTemplate":"https:\/\/www.moveagain.ch\/beratung\/?s={search_term_string}"},"query-input":{"@type":"PropertyValueSpecification","valueRequired":true,"valueName":"search_term_string"}}],"inLanguage":"de"},{"@type":"Organization","@id":"https:\/\/www.moveagain.ch\/beratung\/#organization","name":"Moveagain","url":"https:\/\/www.moveagain.ch\/beratung\/","logo":{"@type":"ImageObject","inLanguage":"de","@id":"https:\/\/www.moveagain.ch\/beratung\/#\/schema\/logo\/image\/","url":"https:\/\/www.moveagain.ch\/beratung\/wp-content\/uploads\/2018\/09\/logo-v2.png","contentUrl":"https:\/\/www.moveagain.ch\/beratung\/wp-content\/uploads\/2018\/09\/logo-v2.png","width":1457,"height":309,"caption":"Moveagain"},"image":{"@id":"https:\/\/www.moveagain.ch\/beratung\/#\/schema\/logo\/image\/"}},{"@type":"Person","@id":"https:\/\/www.moveagain.ch\/beratung\/#\/schema\/person\/9832ee75956cacc6fc458e06135b8a4a","name":"Mladjan Filipovic","image":{"@type":"ImageObject","inLanguage":"de","@id":"https:\/\/www.moveagain.ch\/beratung\/#\/schema\/person\/image\/","url":"https:\/\/secure.gravatar.com\/avatar\/dcdfd8125f4cd34dc85bc40d687d1f74?s=96&d=mm&r=g","contentUrl":"https:\/\/secure.gravatar.com\/avatar\/dcdfd8125f4cd34dc85bc40d687d1f74?s=96&d=mm&r=g","caption":"Mladjan Filipovic"},"url":"https:\/\/www.moveagain.ch\/beratung\/de\/author\/mladjan\/"}]}},"_links":{"self":[{"href":"https:\/\/www.moveagain.ch\/beratung\/de\/wp-json\/wp\/v2\/posts\/211"}],"collection":[{"href":"https:\/\/www.moveagain.ch\/beratung\/de\/wp-json\/wp\/v2\/posts"}],"about":[{"href":"https:\/\/www.moveagain.ch\/beratung\/de\/wp-json\/wp\/v2\/types\/post"}],"author":[{"embeddable":true,"href":"https:\/\/www.moveagain.ch\/beratung\/de\/wp-json\/wp\/v2\/users\/13"}],"replies":[{"embeddable":true,"href":"https:\/\/www.moveagain.ch\/beratung\/de\/wp-json\/wp\/v2\/comments?post=211"}],"version-history":[{"count":1,"href":"https:\/\/www.moveagain.ch\/beratung\/de\/wp-json\/wp\/v2\/posts\/211\/revisions"}],"predecessor-version":[{"id":275,"href":"https:\/\/www.moveagain.ch\/beratung\/de\/wp-json\/wp\/v2\/posts\/211\/revisions\/275"}],"wp:featuredmedia":[{"embeddable":true,"href":"https:\/\/www.moveagain.ch\/beratung\/de\/wp-json\/wp\/v2\/media\/2266"}],"wp:attachment":[{"href":"https:\/\/www.moveagain.ch\/beratung\/de\/wp-json\/wp\/v2\/media?parent=211"}],"wp:term":[{"taxonomy":"category","embeddable":true,"href":"https:\/\/www.moveagain.ch\/beratung\/de\/wp-json\/wp\/v2\/categories?post=211"},{"taxonomy":"post_tag","embeddable":true,"href":"https:\/\/www.moveagain.ch\/beratung\/de\/wp-json\/wp\/v2\/tags?post=211"}],"curies":[{"name":"wp","href":"https:\/\/api.w.org\/{rel}","templated":true}]}}