{"id":4273,"date":"2024-01-19T18:53:10","date_gmt":"2024-01-19T18:53:10","guid":{"rendered":"https:\/\/www.moveagain.ch\/beratung\/?p=4273"},"modified":"2024-09-06T11:09:00","modified_gmt":"2024-09-06T11:09:00","slug":"der-umzugstag-mit-ach-und-krach-geschafft","status":"publish","type":"post","link":"https:\/\/www.moveagain.ch\/beratung\/de\/der-umzugstag-mit-ach-und-krach-geschafft\/","title":{"rendered":"Der Umzugstag: Mit Ach und Krach geschafft!"},"content":{"rendered":"\n<h2 class=\"wp-block-heading\"><strong>Meine Umzugsstory Teil 2<\/strong><\/h2>\n\n\n\n<p><strong>Die Umzugsvorbereitungen waren mehr oder weniger (eher weniger) beendet und nun gab es kein Zur\u00fcck mehr. Der Umzugstag stand vor der T\u00fcre. S\u00e4mtliche Erledigungen, die Sch\u00f6nheitsreparaturen in der alten Wohnung, sowie die Ab- und Ummeldungen mussten warten. Mein gesamtes Leben wurde f\u00fcr einige Tage komplett pausiert, um dieses m\u00e4chtige Vorhaben halbwegs gut meistern zu k\u00f6nnen. Wie es mir an meinem Umzugstag und beim Wohnungswechsel gegangen ist, erf\u00e4hrt ihr im Teil 2 meiner Umzugsstory!<\/strong><\/p>\n\n\n\n<ol class=\"wp-block-list\">\n<li><strong><a href=\"#last-minute-packen\">Last-Minute-Packen<\/a><\/strong><\/li>\n\n\n\n<li><strong><a href=\"#ankunft-zuegelfirma\">Ankunft der Z\u00fcgelfirma<\/a><\/strong><\/li>\n\n\n\n<li><strong><a href=\"#zweiter-transporter-muss-her\">Ein zweiter Transporter muss her<\/a><\/strong><\/li>\n\n\n\n<li><strong><a href=\"#ausladen-des-umzugsguts\">Ausladen des Umzugsguts<\/a><\/strong><\/li>\n\n\n\n<li><strong><a href=\"#handwerker-intermezzo\">Handwerker-Intermezzo<\/a><\/strong><\/li>\n\n\n\n<li><strong><a href=\"#das-grande-finale\">Das Grande Finale<\/a><\/strong><\/li>\n\n\n\n<li><strong><a href=\"#erste-nacht-im-neuen-zuhause\">Erste Nacht im neuen Zuhause<\/a><\/strong><\/li>\n<\/ol>\n\n\n\n<div style=\"height:20px\" aria-hidden=\"true\" class=\"wp-block-spacer\"><\/div>\n\n\n\n<h3 class=\"wp-block-heading\" id=\"last-minute-packen\"><strong>1. Last-Minute-Packen<\/strong><\/h3>\n\n\n\n<p>Immer noch krank und nach einer viel zu kurzen Nacht, habe ich es mit viel Kaffee doch noch irgendwie geschafft, aus dem Bett zu kommen. Leider hatte die Grippe am Vortag des Umzugs auch meine Tochter erwischt und die organisierte <strong>Kinderbetreuung<\/strong> (aka \u201cKindergarten\u201d) war somit zu vergessen. Ein weiterer Punkt der <strong>Umzugsplanung,<\/strong> der zwar in der Theorie gut funktioniert hatte, bei der praktischen Durchf\u00fchrung dann aber leider nicht.<\/p>\n\n\n\n<p>Gut, dass mein Freund einige freie Tage f\u00fcr den Umzug in der Arbeit reserviert hatte. Umz\u00fcge qualifizieren sich in der Schweiz sowie auch in \u00d6sterreich und Deutschland als sogenannte \u201cbesondere Anl\u00e4sse\u201d und somit besteht ein gesetzlicher Anspruch auf <a href=\"https:\/\/www.ch.ch\/de\/arbeit\/arbeitszeit\/ferien--feiertage-und-arbeitsabwesenheiten\/\">Sonderurlaub<\/a>.<\/p>\n\n\n\n<p>Noch im Pyjama machte ich mich an das <strong>Verpacken<\/strong> der restlichen Gegenst\u00e4nde. Dann ging es noch schnell unter die Dusche, bevor unsere Umzugshelfer eintrafen.<\/p>\n\n\n\n<div style=\"height:30px\" aria-hidden=\"true\" class=\"wp-block-spacer\"><\/div>\n\n\n\n<h3 class=\"wp-block-heading\" id=\"ankunft-zuegelfirma\"><strong>2. Ankunft der Z\u00fcgelfirma<\/strong><\/h3>\n\n\n\n<p>Die Mitarbeiter unserer <strong><a href=\"https:\/\/www.moveagain.ch\/beratung\/de\/alles-was-du-ueber-schweizer-umzugsunternehmen-wissen-solltest\/\">Umzugsfirma<\/a><\/strong> standen p\u00fcnktlich um 8 Uhr gut gelaunt vor unserer T\u00fcre. Nach einem kurzen Rundgang durch unsere Wohnung waren die M\u00e4nner zuversichtlich, alle unsere Besitzt\u00fcmer in einem LKW transportieren zu k\u00f6nnen. Ich pers\u00f6nlich hatte da zwar meine Zweifel, aber man soll ja positiv denken.<\/p>\n\n\n\n<p>Mein Freund machte sich mit unseren kleinen Tochter auf den Weg zum Haus und ich blieb inzwischen mit dem Umzugsteam in unserer <strong>alten Wohnung<\/strong>.<\/p>\n\n\n\n<p>Also gut, die zwei motivierten und starken M\u00e4nner begannen sofort mit der Arbeit. Zuerst wurden s\u00e4mtliche <strong><a href=\"https:\/\/www.moveagain.ch\/beratung\/de\/wie-viele-umzugskartons-brauche-ich\/\">Umzugskartons<\/a><\/strong> gestapelt und per Rollwagen in den LKW verladen. Alle noch herum stehende Dinge wie Lampen, Teppiche, Kinderspielzeug und kleinere M\u00f6belst\u00fccke wurden ohne Murren mit einem \u201cKommt das auch mit?\u201d in Windeseile in Stretchfolie verpackt und verladen.\u00a0<\/p>\n\n\n\n<p>Ich muss zugeben, ich sch\u00e4mte mich zuerst etwas f\u00fcr die Unmengen an noch nicht verpackten Dingen. Aber die netten Umzugshelfer meinten zu mir, sie h\u00e4tten schon viel Schlimmeres erlebt. Zum Beispiel die Dame vom Vortag, bei der sie bis Mitternacht besch\u00e4ftigt waren. Umso beeindruckender, dass die beiden energiegeladen und mit einem L\u00e4cheln am n\u00e4chsten Tag vor meiner T\u00fcr standen.<\/p>\n\n\n\n<p>Angesteckt von der Motivation und Arbeitsmoral der Umzugsprofis, habe ich im Alleingang noch schnell s\u00e4mtliche Badezimmer- und K\u00fcchenutensilien verpackt. Mein Freund wartete zu dem Zeitpunkt mit unserer Tochter bereits im neuen Zuhause, um sie vor dem Chaos und Umzugsstress so gut wie m\u00f6glich abzuschirmen.<\/p>\n\n\n\n<div style=\"height:30px\" aria-hidden=\"true\" class=\"wp-block-spacer\"><\/div>\n\n\n\n<h3 class=\"wp-block-heading\" id=\"zweiter-transporter-muss-her\"><strong>3. Ein zweiter Transporter muss her<\/strong><\/h3>\n\n\n\n<p>Nach einigen Stunden Arbeit wurde die Wohnung immer leerer und der <strong>Umzugswagen<\/strong> immer voller. Langsam machten sich auch in den Gesichtern der Umzugshelfern Zweifel breit, ob tats\u00e4chlich der gesamte Hausrat in einen LKW passt. Das \u201cKommt das auch mit\u201d? klang mittlerweile schon etwas z\u00f6gerlicher und das \u201cJa\u201d kam mir immer schwieriger \u00fcber die Lippen.&nbsp;<\/p>\n\n\n\n<p>Nun gut, lange Rede kurzer Sinn: Es musste letztendlich ein zweiter Transporter her. Ich machte mir etwas Sorgen bez\u00fcglich den <strong>Umzugskosten<\/strong>, denn der zweite LKW war in keinem der Offerte enthalten. Die gute Nachricht war jedoch, dass auch das kein Problem f\u00fcr die zwei Umzugshelfer war. In Windesweile hatten Sie einen dritten Mann samt Transporter organisiert.<\/p>\n\n\n\n<p>Zur St\u00e4rkung und Aufrechterhaltung der Motivation hatte ich f\u00fcr die zwei starken M\u00e4nner noch eine kleine Jause besorgt, die sie mit den Worten \u201czuerst machen wir fertig, dann essen wir\u201d entgegennahmen.<\/p>\n\n\n\n<p>Nach gut vier Stunden Arbeit, rund um die Mittagszeit, war das Wunder vollbracht und es waren (fast) alle Dinge in den zwei Umzugsw\u00e4gen verstaut. Fernseher, Computer, Bildschirme etc. liessen wir absichtlich noch in der Wohnung, da wir sie aus Sicherheitsgr\u00fcnden lieber selbst transportieren wollten. Auch wenn die Wohnung noch nicht komplett ger\u00e4umt war, wirkte sie g\u00e4hnend leer im Vergleich zum Zustand vor ein paar Stunden.<\/p>\n\n\n\n<p>Zu guter Letzt habe ich der <strong>Umzugsfirma<\/strong> noch unsere <strong>neue Adresse<\/strong> f\u00fcr das Navi gegeben und schon ging es los!<\/p>\n\n\n\n<div style=\"height:30px\" aria-hidden=\"true\" class=\"wp-block-spacer\"><\/div>\n\n\n\n<div class=\"wp-block-buttons is-content-justification-center is-layout-flex wp-container-core-buttons-is-layout-1 wp-block-buttons-is-layout-flex\">\n<div class=\"wp-block-button\"><a class=\"wp-block-button__link has-white-color has-text-color has-background has-text-align-center wp-element-button\" href=\"https:\/\/www.moveagain.ch\/umzug-starten\" style=\"background-color:#36a96b\">Umzugsfirma buchen<\/a><\/div>\n<\/div>\n\n\n\n<div style=\"height:30px\" aria-hidden=\"true\" class=\"wp-block-spacer\"><\/div>\n\n\n\n<h3 class=\"wp-block-heading\" id=\"ausladen-des-umzugsguts\"><strong><br>4. Ausladen des Umzugsguts<\/strong><\/h3>\n\n\n\n<p>Nach einer langen, kurvenreichen Fahrt \u00fcber zahlreiche H\u00fcgel, die Google Maps leider als die k\u00fcrzeste Fahrstrecke ausgew\u00e4hlt hatte, waren auch die zwei LKWs des Umzugsunternehmens sicher am<strong> neuen Ort <\/strong>angekommen.<\/p>\n\n\n\n<p>Der LKW wurde so nah an den Eingang gestellt, dass ich schon fast Angst h\u00e4tte, er w\u00fcrde in den Vorraum einfahren. Aber aus Effizienzgr\u00fcnden machte das nat\u00fcrlich Sinn. So konnten die Umzugsm\u00e4nner s\u00e4mtlichen Hausrat vom Transporter direkt in das Haus abladen, ohne unn\u00f6tige Wege zur\u00fcckzulegen. Das Ausladen fand dann logischerweise in der umgekehrten Reihenfolge statt: Zuerst die grossen <strong>M\u00f6belst\u00fccke<\/strong>, dann die Umzugskisten.<\/p>\n\n\n\n<p>Die Erstellung von einem <strong><a href=\"https:\/\/www.moveagain.ch\/beratung\/de\/uebersiedelung-von-moebeln-und-inventar\/\">M\u00f6belstellplan<\/a><\/strong> hatte ich &#8211; so wie viele andere Dinge &#8211; leider vergessen, aber zumindest nicht das <strong>Beschriften<\/strong> der Umzugskartons. Auch wenn die Kennzeichnung nicht jenen professionellen Richtlinien entsprach, die ich immer wieder in meinen Blog-Artikeln empfohlen hatte, half sie unseren Umzugshelfern dennoch enorm und sparte viel Zeit.<\/p>\n\n\n\n<p>Aus Ausladen verlief noch schneller als das Einladen, das vorher komplett leere Haus f\u00fcllte sich in Windeseile und ich fragte mich, wie all diese Dinge in der wesentlich kleineren Wohnung Platz gehabt haben. Zwischendurch wurde noch unser Bett sowie das Schlafsofa wieder zusammengebaut, so schnell konnte ich gar nicht schauen, standen die M\u00f6belst\u00fccke bereits fertig im Raum.<\/p>\n\n\n\n<div style=\"height:30px\" aria-hidden=\"true\" class=\"wp-block-spacer\"><\/div>\n\n\n\n<h3 class=\"wp-block-heading\" id=\"handwerker-intermezzo\"><strong>5. Handwerker-Intermezzo<\/strong><\/h3>\n\n\n\n<p>Als w\u00e4re es nicht schon hektisch genug im Haus, stand nun auch unser <strong>Bodenleger<\/strong> in der T\u00fcre, der die fehlenden Sockelleisten f\u00fcr den Parkettboden montieren wollte. Den Termin hatte ich mit ihm in einem Moment der geistigen Umnachtung vereinbart, in der Annahme der Umzug w\u00e4re zu dem Zeitpunkt bereits abgeschlossen. So musste der Arme zwischen sich stapelnden Umzugskisten, dem M\u00f6beltransport und dem Spielzeug meiner Tochter seine Arbeitsstation aufbauen, um die Leisten zurecht zu schneiden. Ich entschuldigte mich f\u00fcr das Chaos und die erschwerten Arbeitsbedingungen, er meinte &#8222;kein Problem&#8220; &#8211; mit Schweissperlen auf der Stirn.<\/p>\n\n\n\n<p>Die <strong>Umzugsm\u00e4nner<\/strong> mussten zwischen fliegenden S\u00e4gesp\u00e4nen, herumliegenden Sockelleisten und einer zus\u00e4tzlichen Ger\u00e4uschkulisse ihre Arbeit verrichten. Doch auch diese H\u00fcrden nahmen ihnen keinen Wind aus den Segeln, das Ausladen ging im selben, schnellen Tempo weiter voran.<\/p>\n\n\n\n<p>Ich k\u00e4mpfte hingegen mit Halskratzen, Husten und Gliederschmerzen, die sich gegen Ende des Umzugstages noch verst\u00e4rkten. Nur der Gedanke, dass dieser Umzugs-Wahnsinn bald vorbei w\u00e4re, beruhigte mich etwas.<\/p>\n\n\n\n<div style=\"height:30px\" aria-hidden=\"true\" class=\"wp-block-spacer\"><\/div>\n\n\n\n<h3 class=\"wp-block-heading\" id=\"das-grande-finale\"><strong>6. Das Grande Finale<\/strong><\/h3>\n\n\n\n<p>Tats\u00e4chlich neigte sich unser <strong>Z\u00fcgeltag<\/strong> zu Ende, der zweite Transporter wurde bereits ausger\u00e4umt und im Haus wurde es zwischen den unz\u00e4hligen <strong>Umzugskisten<\/strong> bereits etwas eng. Der Anblick des aufgebauten Bettes steigerte die Vorfreude auf die wohlverdiente Nachtruhe.<\/p>\n\n\n\n<p>Pl\u00f6tzlich war der Moment da: Die <strong>Umzugsfirma<\/strong> hatte die letzten unserer Besitzt\u00fcmer abgeladen und verk\u00fcndeten stolz, dass sie fertig seien. Komplett ersch\u00f6pft aber unfassbar froh, dass wir es geschafft hatten bedankte ich mich mehrmals beim kompletten Team. Nat\u00fcrlich gab es auch ein grossz\u00fcgiges <strong>Trinkgeld<\/strong>, denn obwohl der Tag lange und die Arbeit hart war, blieb die Motivation der Umzugshelfer ungebrochen. Sogar bei der Verabschiedung hatten sie noch ein L\u00e4cheln auf den Lippen, obwohl bereits in wenigen Stunden der n\u00e4chste Umzug auf sie wartete.<\/p>\n\n\n\n<p>Ich kann daher nur nochmals betonen, wie beeindruckt ich von der <strong>Leistung<\/strong> und der <strong>Arbeitsmoral<\/strong> unserer Umzugsm\u00e4nner war. Ohne ihnen w\u00e4re dieser Umzug nicht m\u00f6glich gewesen und dank ihnen wurde sogar dieser stressigste aller Tage ertr\u00e4glich. Daher an dieser Stelle ein grosses:<\/p>\n\n\n\n<figure class=\"wp-block-image aligncenter size-large is-resized\"><img loading=\"lazy\" decoding=\"async\" width=\"1024\" height=\"683\" src=\"https:\/\/www.moveagain.ch\/beratung\/wp-content\/uploads\/2024\/01\/8183434-1024x683.jpg\" alt=\"\" class=\"wp-image-4275\" style=\"width:426px;height:auto\" srcset=\"https:\/\/www.moveagain.ch\/beratung\/wp-content\/uploads\/2024\/01\/8183434-1024x683.jpg 1024w, https:\/\/www.moveagain.ch\/beratung\/wp-content\/uploads\/2024\/01\/8183434-300x200.jpg 300w, https:\/\/www.moveagain.ch\/beratung\/wp-content\/uploads\/2024\/01\/8183434-768x512.jpg 768w, https:\/\/www.moveagain.ch\/beratung\/wp-content\/uploads\/2024\/01\/8183434-scaled.jpg 1536w, https:\/\/www.moveagain.ch\/beratung\/wp-content\/uploads\/2024\/01\/8183434-2048x1365.jpg 2048w, https:\/\/www.moveagain.ch\/beratung\/wp-content\/uploads\/2024\/01\/8183434-696x464.jpg 696w, https:\/\/www.moveagain.ch\/beratung\/wp-content\/uploads\/2024\/01\/8183434-1068x712.jpg 1068w, https:\/\/www.moveagain.ch\/beratung\/wp-content\/uploads\/2024\/01\/8183434-630x420.jpg 630w, https:\/\/www.moveagain.ch\/beratung\/wp-content\/uploads\/2024\/01\/8183434-1920x1280.jpg 1920w\" sizes=\"(max-width: 1024px) 100vw, 1024px\" \/><\/figure>\n\n\n\n<div style=\"height:20px\" aria-hidden=\"true\" class=\"wp-block-spacer\"><\/div>\n\n\n\n<p>Aus eigener Erfahrung kann ich nur jedem w\u00e4rmstens empfehlen, professionelle <a href=\"https:\/\/www.moveagain.ch\/umzug-starten\"><strong>Umzugshilfe<\/strong><\/a> in Anspruch zu nehmen, insbesondere wenn mehr als nur ein WG-Zimmer \u00fcbersiedelt werden muss.<\/p>\n\n\n\n<div style=\"height:30px\" aria-hidden=\"true\" class=\"wp-block-spacer\"><\/div>\n\n\n\n<div class=\"wp-block-buttons is-content-justification-center is-layout-flex wp-container-core-buttons-is-layout-2 wp-block-buttons-is-layout-flex\">\n<div class=\"wp-block-button\"><a class=\"wp-block-button__link has-white-color has-text-color has-background has-text-align-center wp-element-button\" href=\"https:\/\/www.moveagain.ch\/umzug-starten\" style=\"background-color:#36a96b\">Umzugsfirma buchen<\/a><\/div>\n<\/div>\n\n\n\n<div style=\"height:30px\" aria-hidden=\"true\" class=\"wp-block-spacer\"><\/div>\n\n\n\n<h3 class=\"wp-block-heading\" id=\"erste-nacht-im-neuen-zuhause\"><strong>7. Erste Nacht im neuen Zuhause<\/strong><\/h3>\n\n\n\n<p>Bevor wir im bereits aufgebaute Bett schlafen konnten, musste dieses noch frisch bezogen, sowie Decken und Polster in den unz\u00e4hligen Umzugskisten gefunden werden. Eine grosse Herausforderung, denn die <strong>Beschriftung<\/strong> der Kisten hatte ich aus Zeitmangel nur am Deckel vorgenommen, die durch darauf gestapelten anderen Kisten verdeckt war. Somit mussten wir unz\u00e4hlige Kisten umschlichten, um die eine Richtige zu finden.<\/p>\n\n\n\n<p>Auch Toilettsachen, wie Zahnb\u00fcrste, Duschgel &amp; Co waren nur schwer auffindbar, die viel angepriesene Umzugsbox mit den wichtigsten Utensilien f\u00fcr die erste Nacht existierte leider nur in der Theorie. Somit verbrachten wir sicher eine Stunde w\u00fchlend in s\u00e4mtlichen Umzugsboxen, bis wir alle ben\u00f6tigten Dinge zusammen hatten.<\/p>\n\n\n\n<p>Unsere Tochter wurde zuerst ins Bett gebracht, wir folgten ihr wenig sp\u00e4ter. Dass wir in jener, ersten Nacht gut und tief schliefen, brauche ich wohl nicht zu erw\u00e4hnen&#8230;<\/p>\n\n\n\n<div style=\"height:30px\" aria-hidden=\"true\" class=\"wp-block-spacer\"><\/div>\n\n\n\n<h4 class=\"wp-block-heading\"><strong>Fazit: <\/strong><\/h4>\n\n\n\n<p>Trotz einer ph\u00e4nomenalen Umzugsfirma, die ich an dieser Stelle wirklich nicht genug loben kann, muss ich leider sagen: Stressfrei ist etwas anderes. Ein Umzug ist und bleibt einfach anstrengend &#8211; mental und physisch. Auch bei Ber\u00fccksichtigung der wichtigsten Tipps &amp; Tricks. Das Leben spielt nicht immer nach den Regeln und gerade mit Kind &amp; Co kann es schon einmal etwas stressiger und chaotischer zugehen als geplant.<\/p>\n\n\n\n<p><strong>Wie es mir nach unserem Umzug und bei der Wohnungs\u00fcbergabe erging, erf\u00e4hrt ihr im Teil 3 meiner Umzugsstory!<\/strong><\/p>\n\n\n\n<div style=\"height:30px\" aria-hidden=\"true\" class=\"wp-block-spacer\"><\/div>\n\n\n\n<div class=\"wp-block-buttons is-content-justification-center is-layout-flex wp-container-core-buttons-is-layout-3 wp-block-buttons-is-layout-flex\">\n<div class=\"wp-block-button\"><a class=\"wp-block-button__link has-white-color has-text-color has-background has-text-align-center wp-element-button\" href=\"https:\/\/www.moveagain.ch\/umzug-starten\" style=\"background-color:#36a96b\">Umzugsfirma buchen<\/a><\/div>\n<\/div>\n\n\n\n<a href=\"https:\/\/www.freepik.com\/free-vector\/thank-you-placard-concept-illustration_34680457.htm#&#038;position=2&#038;from_view=author&#038;uuid=da5930e8-b35e-4bae-a534-5e29609fe787\">Image by storyset<\/a> on Freepik\n","protected":false},"excerpt":{"rendered":"<p>Meine Umzugsstory Teil 2 Die Umzugsvorbereitungen waren mehr oder weniger (eher weniger) beendet und nun gab es kein Zur\u00fcck mehr. Der Umzugstag stand vor der T\u00fcre. S\u00e4mtliche Erledigungen, die Sch\u00f6nheitsreparaturen in der alten Wohnung, sowie die Ab- und Ummeldungen mussten warten. Mein gesamtes Leben wurde f\u00fcr einige Tage komplett pausiert, um dieses m\u00e4chtige Vorhaben halbwegs [&hellip;]<\/p>\n","protected":false},"author":11,"featured_media":4281,"comment_status":"closed","ping_status":"closed","sticky":false,"template":"","format":"standard","meta":{"footnotes":""},"categories":[222],"tags":[95,98,20,177,175,176],"class_list":["post-4273","post","type-post","status-publish","format-standard","has-post-thumbnail","hentry","category-umzugsstories","tag-neue-wohnung-2","tag-umziehen-2","tag-umzug","tag-umzugsfirma","tag-umzugstag","tag-umzugsunternehmen"],"yoast_head":"<!-- This site is optimized with the Yoast SEO plugin v23.4 - https:\/\/yoast.com\/wordpress\/plugins\/seo\/ -->\n<title>Der Umzugstag: Mit Ach und Krach geschafft! - MoveAgain<\/title>\n<meta name=\"description\" content=\"Meine Umzugsstory - Teil 2 - Last-Minute-Packen - Ankunft der Umzugsfirma - Ein zweiter Transporter muss her - Die erste Nacht im neuen Haus!\" \/>\n<meta name=\"robots\" content=\"index, follow, max-snippet:-1, max-image-preview:large, max-video-preview:-1\" \/>\n<link rel=\"canonical\" href=\"https:\/\/www.moveagain.ch\/beratung\/de\/der-umzugstag-mit-ach-und-krach-geschafft\/\" \/>\n<meta property=\"og:locale\" content=\"de_DE\" \/>\n<meta property=\"og:type\" content=\"article\" \/>\n<meta property=\"og:title\" content=\"Der Umzugstag: Mit Ach und Krach geschafft! - MoveAgain\" \/>\n<meta property=\"og:description\" content=\"Meine Umzugsstory - Teil 2 - Last-Minute-Packen - Ankunft der Umzugsfirma - Ein zweiter Transporter muss her - Die erste Nacht im neuen Haus!\" \/>\n<meta property=\"og:url\" content=\"https:\/\/www.moveagain.ch\/beratung\/de\/der-umzugstag-mit-ach-und-krach-geschafft\/\" \/>\n<meta property=\"og:site_name\" content=\"MoveAgain\" \/>\n<meta property=\"article:published_time\" content=\"2024-01-19T18:53:10+00:00\" \/>\n<meta property=\"article:modified_time\" content=\"2024-09-06T11:09:00+00:00\" \/>\n<meta property=\"og:image\" content=\"https:\/\/www.moveagain.ch\/beratung\/wp-content\/uploads\/2024\/01\/5180196-scaled.jpg\" \/>\n\t<meta property=\"og:image:width\" content=\"1536\" \/>\n\t<meta property=\"og:image:height\" content=\"1024\" \/>\n\t<meta property=\"og:image:type\" content=\"image\/jpeg\" \/>\n<meta name=\"author\" content=\"Julia\" \/>\n<meta name=\"twitter:card\" content=\"summary_large_image\" \/>\n<meta name=\"twitter:label1\" content=\"Verfasst von\" \/>\n\t<meta name=\"twitter:data1\" content=\"Julia\" \/>\n\t<meta name=\"twitter:label2\" content=\"Gesch\u00e4tzte Lesezeit\" \/>\n\t<meta name=\"twitter:data2\" content=\"7\u00a0Minuten\" \/>\n<script type=\"application\/ld+json\" class=\"yoast-schema-graph\">{\"@context\":\"https:\/\/schema.org\",\"@graph\":[{\"@type\":\"Article\",\"@id\":\"https:\/\/www.moveagain.ch\/beratung\/de\/der-umzugstag-mit-ach-und-krach-geschafft\/#article\",\"isPartOf\":{\"@id\":\"https:\/\/www.moveagain.ch\/beratung\/de\/der-umzugstag-mit-ach-und-krach-geschafft\/\"},\"author\":{\"name\":\"Julia\",\"@id\":\"https:\/\/www.moveagain.ch\/beratung\/#\/schema\/person\/966533e42ec652db8f43c8ae3e4dfbfe\"},\"headline\":\"Der Umzugstag: Mit Ach und Krach geschafft!\",\"datePublished\":\"2024-01-19T18:53:10+00:00\",\"dateModified\":\"2024-09-06T11:09:00+00:00\",\"mainEntityOfPage\":{\"@id\":\"https:\/\/www.moveagain.ch\/beratung\/de\/der-umzugstag-mit-ach-und-krach-geschafft\/\"},\"wordCount\":1589,\"publisher\":{\"@id\":\"https:\/\/www.moveagain.ch\/beratung\/#organization\"},\"image\":{\"@id\":\"https:\/\/www.moveagain.ch\/beratung\/de\/der-umzugstag-mit-ach-und-krach-geschafft\/#primaryimage\"},\"thumbnailUrl\":\"https:\/\/www.moveagain.ch\/beratung\/wp-content\/uploads\/2024\/01\/5180196-scaled.jpg\",\"keywords\":[\"neue Wohnung\",\"Umziehen\",\"Umzug\",\"Umzugsfirma\",\"Umzugstag\",\"Umzugsunternehmen\"],\"articleSection\":[\"Umzugsstories\"],\"inLanguage\":\"de\"},{\"@type\":\"WebPage\",\"@id\":\"https:\/\/www.moveagain.ch\/beratung\/de\/der-umzugstag-mit-ach-und-krach-geschafft\/\",\"url\":\"https:\/\/www.moveagain.ch\/beratung\/de\/der-umzugstag-mit-ach-und-krach-geschafft\/\",\"name\":\"Der Umzugstag: Mit Ach und Krach geschafft! - MoveAgain\",\"isPartOf\":{\"@id\":\"https:\/\/www.moveagain.ch\/beratung\/#website\"},\"primaryImageOfPage\":{\"@id\":\"https:\/\/www.moveagain.ch\/beratung\/de\/der-umzugstag-mit-ach-und-krach-geschafft\/#primaryimage\"},\"image\":{\"@id\":\"https:\/\/www.moveagain.ch\/beratung\/de\/der-umzugstag-mit-ach-und-krach-geschafft\/#primaryimage\"},\"thumbnailUrl\":\"https:\/\/www.moveagain.ch\/beratung\/wp-content\/uploads\/2024\/01\/5180196-scaled.jpg\",\"datePublished\":\"2024-01-19T18:53:10+00:00\",\"dateModified\":\"2024-09-06T11:09:00+00:00\",\"description\":\"Meine Umzugsstory - Teil 2 - Last-Minute-Packen - Ankunft der Umzugsfirma - Ein zweiter Transporter muss her - Die erste Nacht im neuen Haus!\",\"breadcrumb\":{\"@id\":\"https:\/\/www.moveagain.ch\/beratung\/de\/der-umzugstag-mit-ach-und-krach-geschafft\/#breadcrumb\"},\"inLanguage\":\"de\",\"potentialAction\":[{\"@type\":\"ReadAction\",\"target\":[\"https:\/\/www.moveagain.ch\/beratung\/de\/der-umzugstag-mit-ach-und-krach-geschafft\/\"]}]},{\"@type\":\"ImageObject\",\"inLanguage\":\"de\",\"@id\":\"https:\/\/www.moveagain.ch\/beratung\/de\/der-umzugstag-mit-ach-und-krach-geschafft\/#primaryimage\",\"url\":\"https:\/\/www.moveagain.ch\/beratung\/wp-content\/uploads\/2024\/01\/5180196-scaled.jpg\",\"contentUrl\":\"https:\/\/www.moveagain.ch\/beratung\/wp-content\/uploads\/2024\/01\/5180196-scaled.jpg\",\"width\":1536,\"height\":1024,\"caption\":\"Umzugstag\"},{\"@type\":\"BreadcrumbList\",\"@id\":\"https:\/\/www.moveagain.ch\/beratung\/de\/der-umzugstag-mit-ach-und-krach-geschafft\/#breadcrumb\",\"itemListElement\":[{\"@type\":\"ListItem\",\"position\":1,\"name\":\"Home\",\"item\":\"https:\/\/www.moveagain.ch\/beratung\/\"},{\"@type\":\"ListItem\",\"position\":2,\"name\":\"Der Umzugstag: Mit Ach und Krach geschafft!\"}]},{\"@type\":\"WebSite\",\"@id\":\"https:\/\/www.moveagain.ch\/beratung\/#website\",\"url\":\"https:\/\/www.moveagain.ch\/beratung\/\",\"name\":\"MoveAgain\",\"description\":\"Ihre sichere Adresse f\u00fcr Umz\u00fcge in der ganzen Schweiz\",\"publisher\":{\"@id\":\"https:\/\/www.moveagain.ch\/beratung\/#organization\"},\"potentialAction\":[{\"@type\":\"SearchAction\",\"target\":{\"@type\":\"EntryPoint\",\"urlTemplate\":\"https:\/\/www.moveagain.ch\/beratung\/?s={search_term_string}\"},\"query-input\":{\"@type\":\"PropertyValueSpecification\",\"valueRequired\":true,\"valueName\":\"search_term_string\"}}],\"inLanguage\":\"de\"},{\"@type\":\"Organization\",\"@id\":\"https:\/\/www.moveagain.ch\/beratung\/#organization\",\"name\":\"Moveagain\",\"url\":\"https:\/\/www.moveagain.ch\/beratung\/\",\"logo\":{\"@type\":\"ImageObject\",\"inLanguage\":\"de\",\"@id\":\"https:\/\/www.moveagain.ch\/beratung\/#\/schema\/logo\/image\/\",\"url\":\"https:\/\/www.moveagain.ch\/beratung\/wp-content\/uploads\/2018\/09\/logo-v2.png\",\"contentUrl\":\"https:\/\/www.moveagain.ch\/beratung\/wp-content\/uploads\/2018\/09\/logo-v2.png\",\"width\":1457,\"height\":309,\"caption\":\"Moveagain\"},\"image\":{\"@id\":\"https:\/\/www.moveagain.ch\/beratung\/#\/schema\/logo\/image\/\"}},{\"@type\":\"Person\",\"@id\":\"https:\/\/www.moveagain.ch\/beratung\/#\/schema\/person\/966533e42ec652db8f43c8ae3e4dfbfe\",\"name\":\"Julia\",\"image\":{\"@type\":\"ImageObject\",\"inLanguage\":\"de\",\"@id\":\"https:\/\/www.moveagain.ch\/beratung\/#\/schema\/person\/image\/\",\"url\":\"https:\/\/secure.gravatar.com\/avatar\/f44d1bf28b9e0dcbed08fb2088d8df76?s=96&d=mm&r=g\",\"contentUrl\":\"https:\/\/secure.gravatar.com\/avatar\/f44d1bf28b9e0dcbed08fb2088d8df76?s=96&d=mm&r=g\",\"caption\":\"Julia\"},\"url\":\"https:\/\/www.moveagain.ch\/beratung\/de\/author\/jhalouskaicloud-com\/\"}]}<\/script>\n<!-- \/ Yoast SEO plugin. -->","yoast_head_json":{"title":"Der Umzugstag: Mit Ach und Krach geschafft! - MoveAgain","description":"Meine Umzugsstory - Teil 2 - Last-Minute-Packen - Ankunft der Umzugsfirma - Ein zweiter Transporter muss her - Die erste Nacht im neuen Haus!","robots":{"index":"index","follow":"follow","max-snippet":"max-snippet:-1","max-image-preview":"max-image-preview:large","max-video-preview":"max-video-preview:-1"},"canonical":"https:\/\/www.moveagain.ch\/beratung\/de\/der-umzugstag-mit-ach-und-krach-geschafft\/","og_locale":"de_DE","og_type":"article","og_title":"Der Umzugstag: Mit Ach und Krach geschafft! - MoveAgain","og_description":"Meine Umzugsstory - Teil 2 - Last-Minute-Packen - Ankunft der Umzugsfirma - Ein zweiter Transporter muss her - Die erste Nacht im neuen Haus!","og_url":"https:\/\/www.moveagain.ch\/beratung\/de\/der-umzugstag-mit-ach-und-krach-geschafft\/","og_site_name":"MoveAgain","article_published_time":"2024-01-19T18:53:10+00:00","article_modified_time":"2024-09-06T11:09:00+00:00","og_image":[{"width":1536,"height":1024,"url":"https:\/\/www.moveagain.ch\/beratung\/wp-content\/uploads\/2024\/01\/5180196-scaled.jpg","type":"image\/jpeg"}],"author":"Julia","twitter_card":"summary_large_image","twitter_misc":{"Verfasst von":"Julia","Gesch\u00e4tzte Lesezeit":"7\u00a0Minuten"},"schema":{"@context":"https:\/\/schema.org","@graph":[{"@type":"Article","@id":"https:\/\/www.moveagain.ch\/beratung\/de\/der-umzugstag-mit-ach-und-krach-geschafft\/#article","isPartOf":{"@id":"https:\/\/www.moveagain.ch\/beratung\/de\/der-umzugstag-mit-ach-und-krach-geschafft\/"},"author":{"name":"Julia","@id":"https:\/\/www.moveagain.ch\/beratung\/#\/schema\/person\/966533e42ec652db8f43c8ae3e4dfbfe"},"headline":"Der Umzugstag: Mit Ach und Krach geschafft!","datePublished":"2024-01-19T18:53:10+00:00","dateModified":"2024-09-06T11:09:00+00:00","mainEntityOfPage":{"@id":"https:\/\/www.moveagain.ch\/beratung\/de\/der-umzugstag-mit-ach-und-krach-geschafft\/"},"wordCount":1589,"publisher":{"@id":"https:\/\/www.moveagain.ch\/beratung\/#organization"},"image":{"@id":"https:\/\/www.moveagain.ch\/beratung\/de\/der-umzugstag-mit-ach-und-krach-geschafft\/#primaryimage"},"thumbnailUrl":"https:\/\/www.moveagain.ch\/beratung\/wp-content\/uploads\/2024\/01\/5180196-scaled.jpg","keywords":["neue Wohnung","Umziehen","Umzug","Umzugsfirma","Umzugstag","Umzugsunternehmen"],"articleSection":["Umzugsstories"],"inLanguage":"de"},{"@type":"WebPage","@id":"https:\/\/www.moveagain.ch\/beratung\/de\/der-umzugstag-mit-ach-und-krach-geschafft\/","url":"https:\/\/www.moveagain.ch\/beratung\/de\/der-umzugstag-mit-ach-und-krach-geschafft\/","name":"Der Umzugstag: Mit Ach und Krach geschafft! - MoveAgain","isPartOf":{"@id":"https:\/\/www.moveagain.ch\/beratung\/#website"},"primaryImageOfPage":{"@id":"https:\/\/www.moveagain.ch\/beratung\/de\/der-umzugstag-mit-ach-und-krach-geschafft\/#primaryimage"},"image":{"@id":"https:\/\/www.moveagain.ch\/beratung\/de\/der-umzugstag-mit-ach-und-krach-geschafft\/#primaryimage"},"thumbnailUrl":"https:\/\/www.moveagain.ch\/beratung\/wp-content\/uploads\/2024\/01\/5180196-scaled.jpg","datePublished":"2024-01-19T18:53:10+00:00","dateModified":"2024-09-06T11:09:00+00:00","description":"Meine Umzugsstory - Teil 2 - Last-Minute-Packen - Ankunft der Umzugsfirma - Ein zweiter Transporter muss her - Die erste Nacht im neuen Haus!","breadcrumb":{"@id":"https:\/\/www.moveagain.ch\/beratung\/de\/der-umzugstag-mit-ach-und-krach-geschafft\/#breadcrumb"},"inLanguage":"de","potentialAction":[{"@type":"ReadAction","target":["https:\/\/www.moveagain.ch\/beratung\/de\/der-umzugstag-mit-ach-und-krach-geschafft\/"]}]},{"@type":"ImageObject","inLanguage":"de","@id":"https:\/\/www.moveagain.ch\/beratung\/de\/der-umzugstag-mit-ach-und-krach-geschafft\/#primaryimage","url":"https:\/\/www.moveagain.ch\/beratung\/wp-content\/uploads\/2024\/01\/5180196-scaled.jpg","contentUrl":"https:\/\/www.moveagain.ch\/beratung\/wp-content\/uploads\/2024\/01\/5180196-scaled.jpg","width":1536,"height":1024,"caption":"Umzugstag"},{"@type":"BreadcrumbList","@id":"https:\/\/www.moveagain.ch\/beratung\/de\/der-umzugstag-mit-ach-und-krach-geschafft\/#breadcrumb","itemListElement":[{"@type":"ListItem","position":1,"name":"Home","item":"https:\/\/www.moveagain.ch\/beratung\/"},{"@type":"ListItem","position":2,"name":"Der Umzugstag: Mit Ach und Krach geschafft!"}]},{"@type":"WebSite","@id":"https:\/\/www.moveagain.ch\/beratung\/#website","url":"https:\/\/www.moveagain.ch\/beratung\/","name":"MoveAgain","description":"Ihre sichere Adresse f\u00fcr Umz\u00fcge in der ganzen Schweiz","publisher":{"@id":"https:\/\/www.moveagain.ch\/beratung\/#organization"},"potentialAction":[{"@type":"SearchAction","target":{"@type":"EntryPoint","urlTemplate":"https:\/\/www.moveagain.ch\/beratung\/?s={search_term_string}"},"query-input":{"@type":"PropertyValueSpecification","valueRequired":true,"valueName":"search_term_string"}}],"inLanguage":"de"},{"@type":"Organization","@id":"https:\/\/www.moveagain.ch\/beratung\/#organization","name":"Moveagain","url":"https:\/\/www.moveagain.ch\/beratung\/","logo":{"@type":"ImageObject","inLanguage":"de","@id":"https:\/\/www.moveagain.ch\/beratung\/#\/schema\/logo\/image\/","url":"https:\/\/www.moveagain.ch\/beratung\/wp-content\/uploads\/2018\/09\/logo-v2.png","contentUrl":"https:\/\/www.moveagain.ch\/beratung\/wp-content\/uploads\/2018\/09\/logo-v2.png","width":1457,"height":309,"caption":"Moveagain"},"image":{"@id":"https:\/\/www.moveagain.ch\/beratung\/#\/schema\/logo\/image\/"}},{"@type":"Person","@id":"https:\/\/www.moveagain.ch\/beratung\/#\/schema\/person\/966533e42ec652db8f43c8ae3e4dfbfe","name":"Julia","image":{"@type":"ImageObject","inLanguage":"de","@id":"https:\/\/www.moveagain.ch\/beratung\/#\/schema\/person\/image\/","url":"https:\/\/secure.gravatar.com\/avatar\/f44d1bf28b9e0dcbed08fb2088d8df76?s=96&d=mm&r=g","contentUrl":"https:\/\/secure.gravatar.com\/avatar\/f44d1bf28b9e0dcbed08fb2088d8df76?s=96&d=mm&r=g","caption":"Julia"},"url":"https:\/\/www.moveagain.ch\/beratung\/de\/author\/jhalouskaicloud-com\/"}]}},"_links":{"self":[{"href":"https:\/\/www.moveagain.ch\/beratung\/de\/wp-json\/wp\/v2\/posts\/4273"}],"collection":[{"href":"https:\/\/www.moveagain.ch\/beratung\/de\/wp-json\/wp\/v2\/posts"}],"about":[{"href":"https:\/\/www.moveagain.ch\/beratung\/de\/wp-json\/wp\/v2\/types\/post"}],"author":[{"embeddable":true,"href":"https:\/\/www.moveagain.ch\/beratung\/de\/wp-json\/wp\/v2\/users\/11"}],"replies":[{"embeddable":true,"href":"https:\/\/www.moveagain.ch\/beratung\/de\/wp-json\/wp\/v2\/comments?post=4273"}],"version-history":[{"count":11,"href":"https:\/\/www.moveagain.ch\/beratung\/de\/wp-json\/wp\/v2\/posts\/4273\/revisions"}],"predecessor-version":[{"id":4374,"href":"https:\/\/www.moveagain.ch\/beratung\/de\/wp-json\/wp\/v2\/posts\/4273\/revisions\/4374"}],"wp:featuredmedia":[{"embeddable":true,"href":"https:\/\/www.moveagain.ch\/beratung\/de\/wp-json\/wp\/v2\/media\/4281"}],"wp:attachment":[{"href":"https:\/\/www.moveagain.ch\/beratung\/de\/wp-json\/wp\/v2\/media?parent=4273"}],"wp:term":[{"taxonomy":"category","embeddable":true,"href":"https:\/\/www.moveagain.ch\/beratung\/de\/wp-json\/wp\/v2\/categories?post=4273"},{"taxonomy":"post_tag","embeddable":true,"href":"https:\/\/www.moveagain.ch\/beratung\/de\/wp-json\/wp\/v2\/tags?post=4273"}],"curies":[{"name":"wp","href":"https:\/\/api.w.org\/{rel}","templated":true}]}}