{"id":2458,"date":"2022-03-16T08:42:15","date_gmt":"2022-03-16T08:42:15","guid":{"rendered":"https:\/\/www.moveagain.ch\/beratung\/check-list-de-demenagement-demenager-en-toute-serenite\/"},"modified":"2024-09-06T13:47:00","modified_gmt":"2024-09-06T13:47:00","slug":"check-list-de-demenagement","status":"publish","type":"post","link":"https:\/\/www.moveagain.ch\/beratung\/fr\/check-list-de-demenagement\/","title":{"rendered":"Check-list de d\u00e9m\u00e9nagement : d\u00e9m\u00e9nager en toute s\u00e9r\u00e9nit\u00e9"},"content":{"rendered":"\n<p>Votre d\u00e9m\u00e9nagement approche et d\u00e9sormais une page se tourne, il est temps de commencer un nouveau chapitre de votre vie\u00a0! Mais par o\u00f9 commencer\u00a0ce projet de d\u00e9m\u00e9nagement ? Entre formalit\u00e9s administratives et questions logistiques, la liste est longue\u00a0! \u00a0Pour \u00eatre s\u00fbr de ne rien oublier et d\u00e9m\u00e9nager en toute s\u00e9r\u00e9nit\u00e9, MoveAgain vous a pr\u00e9par\u00e9 une check-list pour votre d\u00e9m\u00e9nagement en Suisse pratique et tr\u00e8s utile. Divis\u00e9e en ordre chronologique\u00a0: 3 mois avant le d\u00e9m\u00e9nagement \/ 2 semaines avant le d\u00e9m\u00e9nagement \/ Jour J du d\u00e9m\u00e9nagement\u2026 Elle recense toutes les t\u00e2ches que vous devez r\u00e9aliser par ordre de priorit\u00e9. \u00c0 vous de jouer\u00a0!<\/p>\n\n\n\n<ol class=\"wp-block-list\"><li><a href=\"#3-mois-avant-demenagement\">3 mois avant le d\u00e9m\u00e9nagement <\/a><\/li><li><a href=\"#1-mois-avant-d\u00e9m\u00e9nagement\">1 mois avant le d\u00e9m\u00e9nagement<\/a><\/li><li><a href=\"#2-3-semaines-avant-d\u00e9m\u00e9nagement\">2 \u00e0 3 semaines avant le d\u00e9m\u00e9nagement<\/a><\/li><li><a href=\"#1-semaine-avant-d\u00e9m\u00e9nagement\">1 semaine avant le d\u00e9m\u00e9nagement<\/a><\/li><li><a href=\"#veille-du-d\u00e9m\u00e9nagement\">Veille du d\u00e9m\u00e9nagement<\/a><\/li><li><a href=\"#jour-j-d\u00e9m\u00e9nagement\">Le jour J du d\u00e9m\u00e9nagement<\/a><\/li><li><a href=\"#apr\u00e8s-d\u00e9m\u00e9nagement\">Apr\u00e8s le d\u00e9m\u00e9nagement<\/a><\/li><\/ol>\n\n\n\n<h2 class=\"wp-block-heading\" id=\"3-mois-avant-demenagement\">1. 3 mois avant le d\u00e9m\u00e9nagement<\/h2>\n\n\n\n<p>Si 3 mois avant le d\u00e9m\u00e9nagement peut vous paraitre pr\u00e9matur\u00e9 pour l\u2019organisation de votre d\u00e9m\u00e9nagement, cela ne l\u2019est pas tant. Beaucoup de d\u00e9marches peuvent prendre plus de temps que pr\u00e9vu. Selon votre contrat de location par exemple, sa r\u00e9siliation peut prendre entre 1 et 3 mois. Dans tous les cas, mieux vaut s\u2019y prendre au plus t\u00f4t pour \u00e9viter le stress de derni\u00e8re minute.<\/p>\n\n\n\n<ul class=\"wp-block-list\"><li><strong>R\u00e9siliation du bail&nbsp;<\/strong><\/li><\/ul>\n\n\n\n<p>La premi\u00e8re \u00e9tape vers le d\u00e9m\u00e9nagement est la r\u00e9siliation de votre contrat de location aupr\u00e8s de votre bailleur ou de la r\u00e9gie immobili\u00e8re. Cela doit \u00eatre fait dans les temps pour ne pas vous retrouver \u00e0 payer un double loyer et perdre de l\u2019argent. Par ailleurs, il est tout de m\u00eame conseill\u00e9 d\u2019attendre que le nouveau contrat soit sign\u00e9 avant de d\u00e9noncer votre contrat de location actuel. Si vous \u00eates propri\u00e9taire et vivez dans un immeuble. Pensez \u00e0 pr\u00e9venir le syndicat de copropri\u00e9t\u00e9. Si vous r\u00e9siliez votre bail en avance, cela demande&nbsp;<a href=\"https:\/\/www.moveagain.ch\/beratung\/fr\/resiliation-bail-locatif\/\">une d\u00e9marche particuli\u00e8re.<\/a>&nbsp;Profitez-en \u00e9galement pour fixer une date pour l\u2019\u00e9tat des lieux avec votre propri\u00e9taire.&nbsp;<\/p>\n\n\n\n<ul class=\"wp-block-list\"><li><strong>Dossier d\u00e9m\u00e9nagement<\/strong><\/li><\/ul>\n\n\n\n<p>Dans un second temps nous vous recommandons de constituer un dossier sp\u00e9cial d\u00e9m\u00e9nagement. Ce dossier doit regrouper tous les papiers en lien avec votre d\u00e9m\u00e9nagement&nbsp;: contrats, factures, courriers, devis\u2026&nbsp;<\/p>\n\n\n\n<ul class=\"wp-block-list\"><li><strong>Fixer la date du d\u00e9m\u00e9nagement<\/strong><\/li><\/ul>\n\n\n\n<p>Fixer la date de votre d\u00e9m\u00e9nagement en prenant compte les dates de d\u00e9m\u00e9nagement autoris\u00e9es selon votre canton. Vous pouvez consulter&nbsp;<a href=\"https:\/\/www.moveagain.ch\/beratung\/fr\/les-dates-de-demenagement-en-suisse\/\">toutes les dates ici<\/a>. Si vous travaillez, n\u2019oubliez pas de pr\u00e9venir votre employeur en amont et de poser une journ\u00e9e de cong\u00e9. Certaines entreprises proposent des aides au d\u00e9m\u00e9nagement ou un cong\u00e9 sp\u00e9cial d\u00e9m\u00e9nagement, n\u2019h\u00e9sitez pas \u00e0 vous renseigner.&nbsp;&nbsp;&nbsp;<\/p>\n\n\n\n<ul class=\"wp-block-list\"><li><strong>Pr\u00e9venir les \u00e9tablissements scolaires<\/strong><\/li><\/ul>\n\n\n\n<p>Si vous \u00eates parents, vous devez imp\u00e9rativement pr\u00e9venir les \u00e9tablissements scolaires de votre d\u00e9m\u00e9nagement et r\u00e9aliser les nouvelles inscriptions. Un d\u00e9m\u00e9nagement peut \u00eatre tr\u00e8s perturbant pour les enfants N\u2018h\u00e9sitez pas \u00e0 leur faire visiter leur nouvel \u00e9tablissement scolaire afin de les familiariser avec ce changement. D\u00e9couvrez dans notre article d\u00e9di\u00e9 tous nos conseils pour&nbsp;<a href=\"https:\/\/www.moveagain.ch\/beratung\/fr\/demenager-avec-des-enfants\/\">organiser votre d\u00e9m\u00e9nagement avec vos enfants.<\/a><\/p>\n\n\n\n<ul class=\"wp-block-list\"><li><strong>Entreprise de d\u00e9m\u00e9nagement et budget<\/strong><\/li><\/ul>\n\n\n\n<p><a href=\"https:\/\/www.moveagain.ch\/fr\">R\u00e9servez une entreprise de d\u00e9m\u00e9nagement<\/a>&nbsp;d\u00e8s que possible. Certaines dates comme les week-ends sont tr\u00e8s pris\u00e9es. Nous vous recommandons donc de r\u00e9server votre entreprise de d\u00e9m\u00e9nagement \u00e0 l\u2019avance pour trouver un cr\u00e9neau qui vous convienne. De plus, les tarifs pratiqu\u00e9s sont plus avantageux lorsqu\u2019ils sont r\u00e9serv\u00e9s en avance.&nbsp;<br>Si vous souhaitez organiser votre d\u00e9m\u00e9nagement seul, commencez alors votre budg\u00e9tisation&nbsp;: location du camion de d\u00e9m\u00e9nagement, du mat\u00e9riel, achat des cartons\u2026 Ici une liste pour vous aider \u00e0&nbsp;<a href=\"https:\/\/www.moveagain.ch\/beratung\/fr\/materiel-de-demenagement\/\">organiser seul votre d\u00e9m\u00e9nagement<\/a>.&nbsp;<\/p>\n\n\n\n<ul class=\"wp-block-list\"><li><strong>R\u00e9parations locatives<\/strong><\/li><\/ul>\n\n\n\n<p>Si quelques travaux sont n\u00e9cessaires pour remettre en \u00e9tat votre logement, nous vous conseillons de d\u00e9marcher rapidement les entreprises afin de rendre votre logement en parfait \u00e9tat pour votre \u00e9tat des lieux. Si vous ne pouvez effectuer ces travaux seuls, MoveAgain s\u2019est associ\u00e9 avec&nbsp;<a href=\"https:\/\/www.moveagain.ch\/beratung\/fr\/demenagement-move-again-buldigo\/\">Buildigo<\/a>, r\u00e9seau d\u2019artisans suisses.&nbsp;<\/p>\n\n\n\n<ul class=\"wp-block-list\"><li><strong>Nouvel ameublement<\/strong><\/li><\/ul>\n\n\n\n<p>Si vous souhaitez acheter du nouveau mobilier pour votre nouveau logement, m\u00e9fiez-vous des d\u00e9lais de livraison. Si les meubles et objets de petite taille sont livr\u00e9s rapidement, le mobilier plus imposant comme un canap\u00e9 prend g\u00e9n\u00e9ralement plusieurs semaines. V\u00e9rifiez donc les d\u00e9lais de livraison avant de faire vos achats. Vous pouvez \u00e9galement profiter de ce moment pour r\u00e9aliser un plan d\u2019am\u00e9nagement&nbsp;: cela vous permettra de savoir quels meubles vous souhaitez garder ou non et d\u2019aider les d\u00e9m\u00e9nageurs lors de l\u2019installation.&nbsp;<\/p>\n\n\n\n<div class=\"wp-block-image\"><figure class=\"aligncenter\"><img loading=\"lazy\" decoding=\"async\" width=\"724\" height=\"1024\" src=\"https:\/\/www.moveagain.ch\/beratung\/wp-content\/uploads\/2022\/03\/3-mois-724x1024.jpg\" alt=\"\" class=\"wp-image-2598\" srcset=\"https:\/\/www.moveagain.ch\/beratung\/wp-content\/uploads\/2022\/03\/3-mois.jpg 724w, https:\/\/www.moveagain.ch\/beratung\/wp-content\/uploads\/2022\/03\/3-mois-212x300.jpg 212w, https:\/\/www.moveagain.ch\/beratung\/wp-content\/uploads\/2022\/03\/3-mois-768x1086.jpg 768w, https:\/\/www.moveagain.ch\/beratung\/wp-content\/uploads\/2022\/03\/3-mois-696x984.jpg 696w, https:\/\/www.moveagain.ch\/beratung\/wp-content\/uploads\/2022\/03\/3-mois-1068x1511.jpg 1068w, https:\/\/www.moveagain.ch\/beratung\/wp-content\/uploads\/2022\/03\/3-mois-297x420.jpg 297w\" sizes=\"(max-width: 724px) 100vw, 724px\" \/><\/figure><\/div>\n\n\n\n<h2 class=\"wp-block-heading\" id=\"1-mois-avant-d\u00e9m\u00e9nagement\">2. 1 mois avant le d\u00e9m\u00e9nagement <\/h2>\n\n\n\n<ul class=\"wp-block-list\"><li><strong>Changement d&rsquo;adresse&nbsp;<\/strong><\/li><\/ul>\n\n\n\n<p>Le changement d\u2019adresse doit \u00eatre une de vos priorit\u00e9s, car il concerne beaucoup d\u2019organismes. Avertissez d\u2019abord La Poste de votre changement d\u2019adresse et demandez \u00e0 faire suivre votre courrier \u00e0 partir de la date souhait\u00e9e.&nbsp;&nbsp;<br>Informez \u00e9galement votre \u00e9tablissement bancaire. Il se peut qu\u2019ils vous proposent un transfert dans une agence plus proche de votre nouvelle adresse.&nbsp;<br>Transf\u00e9rez votre assurance habitation. Cela peut \u00eatre aussi le moment de la ren\u00e9gocier&nbsp;!&nbsp;<br>Transf\u00e9rez votre contrat t\u00e9l\u00e9phonique et internet. Vous pourrez peut-\u00eatre profiter d\u2019une offre plus int\u00e9ressante.<br>R\u00e9siliez vos contrats d\u2019\u00e9lectricit\u00e9 et de gaz aupr\u00e8s de votre fournisseur et souscrivez \u00e0 un nouveau contrat pour votre nouvelle adresse. Pensez aussi \u00e0 fermer votre compteur d\u2019eau.&nbsp;<br>Informez la caisse d\u2019assurance maladie, ainsi que votre m\u00e9decin de traitant. Si vous d\u00e9m\u00e9nagez loin de votre adresse actuelle, il est conseill\u00e9 de s\u2019enregistrer aupr\u00e8s d\u2019un nouveau m\u00e9decin.&nbsp;<br>Pr\u00e9venez le bureau des imp\u00f4ts.<br>Annoncez votre d\u00e9part au contr\u00f4le des habitants de votre ville et enregistrez-vous aupr\u00e8s de votre nouvelle commune dans les 14 jours suivants votre emm\u00e9nagement.&nbsp;<br>Enfin, pensez aux abonnements en salle de sport, abonnements culturels comme la biblioth\u00e8que\u2026 Si vous d\u00e9m\u00e9nagez trop loin pour continuer \u00e0 en profiter, pensez \u00e0 les r\u00e9silier.&nbsp;<\/p>\n\n\n\n<figure class=\"wp-block-image\"><img loading=\"lazy\" decoding=\"async\" width=\"724\" height=\"1024\" src=\"https:\/\/www.moveagain.ch\/beratung\/wp-content\/uploads\/2022\/03\/1mois-724x1024.png\" alt=\"1 mois avant d\u00e9m\u00e9nagement checklist\" class=\"wp-image-2611\"\/><\/figure>\n\n\n\n<h2 class=\"wp-block-heading\" id=\"2-3-semaines-avant-d\u00e9m\u00e9nagement\">3. <strong>2 \u00e0 3 semaines avant le d\u00e9m\u00e9nagement<\/strong><\/h2>\n\n\n\n<ul class=\"wp-block-list\"><li><strong>Faire le tri&nbsp;<\/strong><\/li><\/ul>\n\n\n\n<p>Inutile de d\u00e9m\u00e9nager tous vos effets personnels&nbsp;! Profitez de votre d\u00e9m\u00e9nagement pour faire le tri dans vos affaires. Si vous ne savez pas comment vous y prendre, suivez cette r\u00e8gle simple&nbsp;: si vous ne souvenez tout simplement pas de la derni\u00e8re fois que vous avez port\u00e9 ce v\u00eatement ou utilis\u00e9 cet objet ou que cela fait plus d\u2019un an, vous pouvez vous en d\u00e9barrasser. N\u2019h\u00e9sitez pas en faire don aupr\u00e8s d\u2019associations ou \u00e0 revendre sur des sites de seconde-main. Cela vous permettra de gagner un peu d\u2019argent et d\u2019amortir vos frais de d\u00e9m\u00e9nagement&nbsp;!<\/p>\n\n\n\n<ul class=\"wp-block-list\"><li><strong>Organiser le mat\u00e9riel de d\u00e9m\u00e9nagement<\/strong><\/li><\/ul>\n\n\n\n<p>Faites l\u2019inventaire du mat\u00e9riel dont vous avez besoin&nbsp;:<\/p>\n\n\n\n<ul class=\"wp-block-list\"><li>Cartons<\/li><li>Papier bulle<\/li><li>Ciseaux<\/li><li>Scotch<\/li><li>Caisses plastiques<\/li><\/ul>\n\n\n\n<p>Commencer par emballer tous les objets dont vous n\u2019aurez pas besoin au cours des semaines suivantes, afin de ne devoir vous occuper de l&rsquo;essentiel uniquement, juste avant le d\u00e9m\u00e9nagement. Par exemple, si vous d\u00e9m\u00e9nagez en \u00e9t\u00e9 vous pouvez commencer par emballer tous les v\u00eatements d\u2019hiver.&nbsp;<\/p>\n\n\n\n<ul class=\"wp-block-list\"><li><strong>R\u00e9server une place de parking pour le d\u00e9m\u00e9nagement&nbsp;<\/strong><\/li><\/ul>\n\n\n\n<p>Si vous ne poss\u00e9dez pas de place de parking facile d\u2019acc\u00e8s \u00e0 votre ancien et nouveau domicile, nous vous conseillons de r\u00e9server une place de parking pour faciliter votre d\u00e9m\u00e9nagement. Si votre logement se trouve sur le domaine public, vous devez vous adresser \u00e0 la police pour obtenir une autorisation de stationnement.<\/p>\n\n\n\n<ul class=\"wp-block-list\"><li><strong>V\u00e9rifiez les compteurs de votre nouveau logement<\/strong><\/li><\/ul>\n\n\n\n<p>Pour \u00e9viter les mauvaises surprises, dans les 15 jours pr\u00e9c\u00e9dents votre d\u00e9m\u00e9nagement, il est conseill\u00e9 de relever le compteur d\u2019eau ainsi que celui d\u2019\u00e9lectricit\u00e9. Ne vous inqui\u00e9tez pas, ces d\u00e9marches sont plut\u00f4t simples, il suffit de se renseigner aupr\u00e8s des fournisseurs.&nbsp;<\/p>\n\n\n\n<div class=\"wp-block-image\"><figure class=\"aligncenter\"><img loading=\"lazy\" decoding=\"async\" width=\"724\" height=\"1024\" src=\"https:\/\/www.moveagain.ch\/beratung\/wp-content\/uploads\/2022\/03\/3-semaines-724x1024.jpg\" alt=\"3 semaines avant d\u00e9m\u00e9nagement checklist\" class=\"wp-image-2601\" srcset=\"https:\/\/www.moveagain.ch\/beratung\/wp-content\/uploads\/2022\/03\/3-semaines.jpg 724w, https:\/\/www.moveagain.ch\/beratung\/wp-content\/uploads\/2022\/03\/3-semaines-212x300.jpg 212w, https:\/\/www.moveagain.ch\/beratung\/wp-content\/uploads\/2022\/03\/3-semaines-768x1086.jpg 768w, https:\/\/www.moveagain.ch\/beratung\/wp-content\/uploads\/2022\/03\/3-semaines-696x984.jpg 696w, https:\/\/www.moveagain.ch\/beratung\/wp-content\/uploads\/2022\/03\/3-semaines-1068x1511.jpg 1068w, https:\/\/www.moveagain.ch\/beratung\/wp-content\/uploads\/2022\/03\/3-semaines-297x420.jpg 297w\" sizes=\"(max-width: 724px) 100vw, 724px\" \/><\/figure><\/div>\n\n\n\n<h2 class=\"wp-block-heading\" id=\"1-semaine-avant-d\u00e9m\u00e9nagement\">4. 1 semaine avant le d\u00e9m\u00e9nagement<\/h2>\n\n\n\n<ul class=\"wp-block-list\"><li><strong>D\u00e9montage des meubles&nbsp;<\/strong><\/li><\/ul>\n\n\n\n<p>Si ce n&rsquo;est pas l&rsquo;entreprise de d\u00e9m\u00e9nagement qui s&rsquo;en charge, vous devrez d\u00e9monter vos meubles quand cela est possible pour faciliter leur transport. Si vous vivez en appartement notamment, il est fortement conseill\u00e9 de d\u00e9monter ses meubles pour pouvoir les transporter plus facilement dans la cage d\u2019escalier. Veillez \u00e0 conserver toutes les vis et les chevilles dans un petit sac de cong\u00e9lation que vous pourrez ensuite scotcher \u00e0 une partie du meuble auquel il appartient.&nbsp;<\/p>\n\n\n\n<ul class=\"wp-block-list\"><li><strong>Vider votre cong\u00e9lateur<\/strong><\/li><\/ul>\n\n\n\n<p>Vous allez devoir d\u00e9congeler votre r\u00e9frig\u00e9rateur ainsi que votre cong\u00e9lateur la veille du d\u00e9m\u00e9nagement. Pour \u00e9viter le gaspillage alimentaire, consommer votre nourriture surgel\u00e9e en priorit\u00e9. Une fois la cha\u00eene du froid bris\u00e9e, il ne sera plus possible de l\u2019utiliser.&nbsp;<\/p>\n\n\n\n<ul class=\"wp-block-list\"><li><strong>Emballer le reste de vos effets personnels&nbsp;<\/strong><\/li><\/ul>\n\n\n\n<p>\u00c0 une semaine du d\u00e9m\u00e9nagement, vous pouvez emballer dans vos cartons de d\u00e9m\u00e9nagement le reste de vos effets personnels. Nous vous conseillons de faire une valise par personne avec tout le contenu n\u00e9cessaire pour une semaine, comme si vous partez en vacances&nbsp;!&nbsp;<br>Ne gardez que le minimum. Globalement voici ce qui doit rester :<\/p>\n\n\n\n<ul class=\"wp-block-list\"><li>Dans la cuisine : une ou deux casseroles, assiettes, verres et couverts, quelques ustensiles.&nbsp;<\/li><li>Dans la salle de douche : draps de douches et produits d\u2019hygi\u00e8ne.&nbsp;<\/li><li>Dans les salles de bain : parures de lits et lampes de chevet.&nbsp;<\/li><li>Dans le salon : table \u00e0 manger, canap\u00e9 et t\u00e9l\u00e9viseur.&nbsp;<\/li><\/ul>\n\n\n\n<p>N\u2019oubliez pas de prendre le temps d\u2019indiquer sur chaque carton le contenu de celui-ci au marqueur. Cela vous fera gagner un temps consid\u00e9rable le jour de l\u2019emm\u00e9nagement.&nbsp;<\/p>\n\n\n\n<figure class=\"wp-block-image\"><img loading=\"lazy\" decoding=\"async\" width=\"724\" height=\"1024\" src=\"https:\/\/www.moveagain.ch\/beratung\/wp-content\/uploads\/2022\/03\/1-semaine-avant-724x1024.jpg\" alt=\"1 semaine avant d\u00e9m\u00e9nagement checklist\" class=\"wp-image-2604\" srcset=\"https:\/\/www.moveagain.ch\/beratung\/wp-content\/uploads\/2022\/03\/1-semaine-avant.jpg 724w, https:\/\/www.moveagain.ch\/beratung\/wp-content\/uploads\/2022\/03\/1-semaine-avant-212x300.jpg 212w, https:\/\/www.moveagain.ch\/beratung\/wp-content\/uploads\/2022\/03\/1-semaine-avant-768x1086.jpg 768w, https:\/\/www.moveagain.ch\/beratung\/wp-content\/uploads\/2022\/03\/1-semaine-avant-696x984.jpg 696w, https:\/\/www.moveagain.ch\/beratung\/wp-content\/uploads\/2022\/03\/1-semaine-avant-1068x1511.jpg 1068w, https:\/\/www.moveagain.ch\/beratung\/wp-content\/uploads\/2022\/03\/1-semaine-avant-297x420.jpg 297w\" sizes=\"(max-width: 724px) 100vw, 724px\" \/><\/figure>\n\n\n\n<h2 class=\"wp-block-heading\" id=\"veille-du-d\u00e9m\u00e9nagement\">5. Veille du d\u00e9m\u00e9nagement<\/h2>\n\n\n\n<ul class=\"wp-block-list\"><li><strong>D\u00e9congeler le frigo et le cong\u00e9lateur&nbsp;<\/strong><\/li><\/ul>\n\n\n\n<p>Vider le contenu du cong\u00e9lateur et du r\u00e9frig\u00e9rateur ou le donner si n\u00e9cessaire. D\u00e9branchez-les et laissez-les d\u00e9congeler un maximum de temps.&nbsp;<\/p>\n\n\n\n<ul class=\"wp-block-list\"><li><strong>Objets de valeurs&nbsp;<\/strong><\/li><\/ul>\n\n\n\n<p>Mettez tous vos objets de valeur, les documents importants et autres effets personnels dans une bo\u00eete d\u00e9di\u00e9e que vous garderez \u00e0 vos cotes tout le long du d\u00e9m\u00e9nagement.&nbsp;<\/p>\n\n\n\n<ul class=\"wp-block-list\"><li><strong>Faire un sac avec le n\u00e9cessaire&nbsp;<\/strong><\/li><\/ul>\n\n\n\n<p>Faites un sac avec quelques produits et objets qui pourront vous \u00eatre n\u00e9cessaires :<\/p>\n\n\n\n<ul class=\"wp-block-list\"><li>Quelques produits d\u2019entretien et quelques outils qui pourront vous servir.&nbsp;<\/li><li>Du papier toilette, des mouchoirs.&nbsp;<\/li><li>Une trousse \u00e0 pharmacie.<\/li><li>Ruban adh\u00e9sif, scotch, ciseaux, marqueur.&nbsp;&nbsp;<\/li><li>Les collations.<\/li><\/ul>\n\n\n\n<p>Faites \u00e9galement un petit sac avec des collations. Un d\u00e9m\u00e9nagement, c\u2019est fatigant et \u00e7a donne faim&nbsp;! Pr\u00e9voyez des bouteilles d\u2019eau pour vous hydrater ainsi que quelques petits encas pour la journ\u00e9e.&nbsp;<\/p>\n\n\n\n<figure class=\"wp-block-image\"><img loading=\"lazy\" decoding=\"async\" width=\"724\" height=\"1024\" src=\"https:\/\/www.moveagain.ch\/beratung\/wp-content\/uploads\/2022\/03\/veille-724x1024.jpg\" alt=\"veille du d\u00e9m\u00e9nagement checklist\" class=\"wp-image-2607\" srcset=\"https:\/\/www.moveagain.ch\/beratung\/wp-content\/uploads\/2022\/03\/veille.jpg 724w, https:\/\/www.moveagain.ch\/beratung\/wp-content\/uploads\/2022\/03\/veille-212x300.jpg 212w, https:\/\/www.moveagain.ch\/beratung\/wp-content\/uploads\/2022\/03\/veille-768x1086.jpg 768w, https:\/\/www.moveagain.ch\/beratung\/wp-content\/uploads\/2022\/03\/veille-696x984.jpg 696w, https:\/\/www.moveagain.ch\/beratung\/wp-content\/uploads\/2022\/03\/veille-1068x1511.jpg 1068w, https:\/\/www.moveagain.ch\/beratung\/wp-content\/uploads\/2022\/03\/veille-297x420.jpg 297w\" sizes=\"(max-width: 724px) 100vw, 724px\" \/><\/figure>\n\n\n\n<h2 class=\"wp-block-heading\" id=\"jour-j-d\u00e9m\u00e9nagement\">6. Le jour J du d\u00e9m\u00e9nagement<\/h2>\n\n\n\n<ul class=\"wp-block-list\"><li><strong>Emballer les derniers cartons<\/strong><\/li><\/ul>\n\n\n\n<p>Vous pouvez d\u00e9sormais emballer toutes vos derni\u00e8res affaires. Mettez de c\u00f4t\u00e9 vos objets de valeurs, et refaire un dernier point&nbsp;: les objets fragiles sont-ils bien indiqu\u00e9s, le contenu est-il inscrit sur chaque carton&nbsp;? Prot\u00e9ger le sol de votre logement pour \u00e9viter les rayures lorsque vous allez d\u00e9placer vos meubles.&nbsp;<\/p>\n\n\n\n<ul class=\"wp-block-list\"><li><strong>Chargement et d\u00e9chargement du camion&nbsp;<\/strong><\/li><\/ul>\n\n\n\n<p>Vous pouvez enfin charger le camion de d\u00e9m\u00e9nagement&nbsp;! Si vous \u00eates entre particuliers pour votre d\u00e9m\u00e9nagement, suivez nos conseils MoveAgain pour faciliter le chargement de vos affaires. Si vous avez fait appel \u00e0 une entreprise sp\u00e9cialis\u00e9e en d\u00e9m\u00e9nagement, n\u2019h\u00e9sitez pas \u00e0 leur donner des indications sur les objets fragiles et o\u00f9 placer les meubles et cartons lors du d\u00e9chargement. <a href=\"https:\/\/www.moveagain.ch\/beratung\/fr\/dommages-lors-dun-demenagement-qui-est-responsable\/\">En cas de dommages<\/a>, demandez imm\u00e9diatement une attestation \u00e9crite \u00e0 l&rsquo;entreprise de d\u00e9m\u00e9nagement et prenez des photos pour \u00eatre rembours\u00e9.&nbsp;<\/p>\n\n\n\n<h2 class=\"wp-block-heading\" id=\"apr\u00e8s-d\u00e9m\u00e9nagement\">7. Apr\u00e8s le d\u00e9m\u00e9nagement<\/h2>\n\n\n\n<ul class=\"wp-block-list\"><li><strong>Nettoyage de remise&nbsp;<\/strong><\/li><\/ul>\n\n\n\n<p>Avant de rendre votre logement, vous devez proc\u00e9der \u00e0 un nettoyage de remise. Votre appartement ou maison doit \u00eatre nettoy\u00e9 de fond en comble pour l\u2019\u00e9tat des lieux avec votre bailleur. Si vous n\u2019avez pas le temps de vous en occuper, l\u2019id\u00e9al est de confier cette t\u00e2che \u00e0&nbsp;<a href=\"https:\/\/www.moveagain.ch\/beratung\/fr\/pourquoi-entreprise-de-nettoyage-demenagement\/\">une \u00e9quipe sp\u00e9cialis\u00e9e<\/a>. Besoin d\u2019aide&nbsp;?&nbsp;<a href=\"https:\/\/www.moveagain.ch\/fr\">MoveAgain<\/a>&nbsp;vous trouve le meilleur partenaire pour votre nettoyage de remise&nbsp;!&nbsp;<\/p>\n\n\n\n<ul class=\"wp-block-list\"><li><strong>\u00c9tat des lieux<\/strong><\/li><\/ul>\n\n\n\n<p>Une fois le m\u00e9nage termin\u00e9, il est temps de proc\u00e9der \u00e0 l\u2019\u00e9tat des lieux et \u00e0 la remise des cl\u00e9s. Votre propri\u00e9taire va reprendre l\u2019inventaire et l\u2019\u00e9tat des lieux effectu\u00e9s \u00e0 votre entr\u00e9e dans le logement pour v\u00e9rifier que tout est conforme. Si vous rendez votre logement dans l\u2019\u00e9tat, vous pourrez rapidement r\u00e9cup\u00e9rer votre caution&nbsp;!<\/p>\n\n\n\n<ul class=\"wp-block-list\"><li><strong>Am\u00e9nagement de votre nouveau logement<\/strong><\/li><\/ul>\n\n\n\n<p>Vous pouvez d\u00e9sormais am\u00e9nager votre nouveau logement, c\u2019est g\u00e9n\u00e9ralement la partie plus amusante&nbsp;! V\u00e9rifiez toutefois l\u2019\u00e9tat des lieux de votre logement et n\u2019h\u00e9sitez pas \u00e0 contacter le propri\u00e9taire si vous constatez un d\u00e9faut. Enfin, n\u2019oubliez pas de relever les compteurs et de mettre une nouvelle \u00e9tiquette sur votre boite \u00e0 lettres&nbsp;!&nbsp;<\/p>\n\n\n\n<ul class=\"wp-block-list\"><li><strong>Nouvelles inscriptions<\/strong><\/li><\/ul>\n\n\n\n<p>Il est temps de s\u2019inscrire au nouveau bureau des habitants dans les 14 jours apr\u00e8s votre d\u00e9m\u00e9nagement. Si vous changez de canton, vous devez \u00e9galement r\u00e9-immatriculez votre voiture \u00e0 l\u2019office de la circulation routi\u00e8re dans le m\u00eame d\u00e9lai.&nbsp;<\/p>\n\n\n\n<figure class=\"wp-block-image\"><img loading=\"lazy\" decoding=\"async\" width=\"724\" height=\"1024\" src=\"https:\/\/www.moveagain.ch\/beratung\/wp-content\/uploads\/2022\/03\/Jour-J-724x1024.png\" alt=\"Jour J et apr\u00e8s d\u00e9m\u00e9nagement checklist\n\" class=\"wp-image-2615\" srcset=\"https:\/\/www.moveagain.ch\/beratung\/wp-content\/uploads\/2022\/03\/Jour-J-724x1024.png 724w, https:\/\/www.moveagain.ch\/beratung\/wp-content\/uploads\/2022\/03\/Jour-J-212x300.png 212w, https:\/\/www.moveagain.ch\/beratung\/wp-content\/uploads\/2022\/03\/Jour-J-768x1086.png 768w, https:\/\/www.moveagain.ch\/beratung\/wp-content\/uploads\/2022\/03\/Jour-J-696x984.png 696w, https:\/\/www.moveagain.ch\/beratung\/wp-content\/uploads\/2022\/03\/Jour-J-1068x1511.png 1068w, https:\/\/www.moveagain.ch\/beratung\/wp-content\/uploads\/2022\/03\/Jour-J-297x420.png 297w, https:\/\/www.moveagain.ch\/beratung\/wp-content\/uploads\/2022\/03\/Jour-J.png 1414w\" sizes=\"(max-width: 724px) 100vw, 724px\" \/><\/figure>\n\n\n\n<p>\u00c7a y est, la (longue) liste est enfin termin\u00e9e vous \u00eates enfin pr\u00eat \u00e0 d\u00e9m\u00e9nager&nbsp;! M\u00eame si cette liste peut vous paraitre effrayante au premier abord, une fois commenc\u00e9 vous verrez qu\u2019elle contient finalement beaucoup d\u2019actions simples qui vous permettront de gagner en temps et en organisation. Et pour d\u00e9m\u00e9nager en toute s\u00e9r\u00e9nit\u00e9, faites appel \u00e0 nos&nbsp;<a href=\"https:\/\/www.moveagain.ch\/fr\">d\u00e9m\u00e9nageurs sp\u00e9cialis\u00e9s MoveAgain&nbsp;<\/a>!&nbsp;<\/p>\n\n\n\n<p style=\"color:#ffffff\" class=\"has-text-color has-background has-vivid-green-cyan-background-color\">MoveAgain est une plateforme en ligne innovante sur laquelle vous pouvez r\u00e9server facilement des services de d\u00e9m\u00e9nagement et de nettoyage de remise. Gr\u00e2ce \u00e0 un algorithme de tarification sp\u00e9cialement d\u00e9velopp\u00e9, nos clients peuvent obtenir le prix exact de leur d\u00e9m\u00e9nagement ou de leur nettoyage en quelques minutes. <\/p>\n\n\n\n<div class=\"wp-block-button aligncenter is-style-outline is-style-outline--462626d26b012d3af301962b8399b5e2\"><a class=\"wp-block-button__link has-text-color has-vivid-green-cyan-color has-background\" href=\" \" style=\"background-color:#ffffff\"> <\/a><\/div>\n\n\n\n<pre class=\"wp-block-preformatted\"><\/pre>\n","protected":false},"excerpt":{"rendered":"<p>Votre d\u00e9m\u00e9nagement approche et d\u00e9sormais une page se tourne, il est temps de commencer un nouveau chapitre de votre vie\u00a0! Mais par o\u00f9 commencer\u00a0ce projet de d\u00e9m\u00e9nagement ? Entre formalit\u00e9s administratives et questions logistiques, la liste est longue\u00a0! \u00a0Pour \u00eatre s\u00fbr de ne rien oublier et d\u00e9m\u00e9nager en toute s\u00e9r\u00e9nit\u00e9, MoveAgain vous a pr\u00e9par\u00e9 une [&hellip;]<\/p>\n","protected":false},"author":13,"featured_media":2459,"comment_status":"closed","ping_status":"closed","sticky":false,"template":"","format":"standard","meta":{"footnotes":""},"categories":[55],"tags":[60,56],"class_list":["post-2458","post","type-post","status-publish","format-standard","has-post-thumbnail","hentry","category-checklist-fr","tag-administratif","tag-demenagement"],"yoast_head":"<!-- This site is optimized with the Yoast SEO plugin v23.4 - https:\/\/yoast.com\/wordpress\/plugins\/seo\/ -->\n<title>Check-list de d\u00e9m\u00e9nagement : d\u00e9m\u00e9nager en toute s\u00e9r\u00e9nit\u00e9<\/title>\n<meta name=\"description\" content=\"\u00c9vitez le stress du d\u00e9m\u00e9nagement gr\u00e2ce \u00e0 notre check-list regroupant toutes les t\u00e2ches \u00e0 r\u00e9aliser et d\u00e9m\u00e9nager en toute s\u00e9r\u00e9nit\u00e9.\" \/>\n<meta name=\"robots\" content=\"index, follow, max-snippet:-1, max-image-preview:large, max-video-preview:-1\" \/>\n<link rel=\"canonical\" href=\"https:\/\/www.moveagain.ch\/beratung\/fr\/check-list-de-demenagement\/\" \/>\n<meta property=\"og:locale\" content=\"fr_FR\" \/>\n<meta property=\"og:type\" content=\"article\" \/>\n<meta property=\"og:title\" content=\"Check-list de d\u00e9m\u00e9nagement : d\u00e9m\u00e9nager en toute s\u00e9r\u00e9nit\u00e9\" \/>\n<meta property=\"og:description\" content=\"\u00c9vitez le stress du d\u00e9m\u00e9nagement gr\u00e2ce \u00e0 notre check-list regroupant toutes les t\u00e2ches \u00e0 r\u00e9aliser et d\u00e9m\u00e9nager en toute s\u00e9r\u00e9nit\u00e9.\" \/>\n<meta property=\"og:url\" content=\"https:\/\/www.moveagain.ch\/beratung\/fr\/check-list-de-demenagement\/\" \/>\n<meta property=\"og:site_name\" content=\"MoveAgain\" \/>\n<meta property=\"article:published_time\" content=\"2022-03-16T08:42:15+00:00\" \/>\n<meta property=\"article:modified_time\" content=\"2024-09-06T13:47:00+00:00\" \/>\n<meta property=\"og:image\" content=\"https:\/\/www.moveagain.ch\/beratung\/wp-content\/uploads\/2018\/11\/Umzug-Checkliste.jpg\" \/>\n\t<meta property=\"og:image:width\" content=\"1000\" \/>\n\t<meta property=\"og:image:height\" content=\"664\" \/>\n\t<meta property=\"og:image:type\" content=\"image\/jpeg\" \/>\n<meta name=\"author\" content=\"Mladjan Filipovic\" \/>\n<meta name=\"twitter:card\" content=\"summary_large_image\" \/>\n<meta name=\"twitter:label1\" content=\"\u00c9crit par\" \/>\n\t<meta name=\"twitter:data1\" content=\"Mladjan Filipovic\" \/>\n\t<meta name=\"twitter:label2\" content=\"Dur\u00e9e de lecture estim\u00e9e\" \/>\n\t<meta name=\"twitter:data2\" content=\"12 minutes\" \/>\n<script type=\"application\/ld+json\" class=\"yoast-schema-graph\">{\"@context\":\"https:\/\/schema.org\",\"@graph\":[{\"@type\":\"Article\",\"@id\":\"https:\/\/www.moveagain.ch\/beratung\/fr\/check-list-de-demenagement\/#article\",\"isPartOf\":{\"@id\":\"https:\/\/www.moveagain.ch\/beratung\/fr\/check-list-de-demenagement\/\"},\"author\":{\"name\":\"Mladjan Filipovic\",\"@id\":\"https:\/\/www.moveagain.ch\/beratung\/#\/schema\/person\/9832ee75956cacc6fc458e06135b8a4a\"},\"headline\":\"Check-list de d\u00e9m\u00e9nagement : d\u00e9m\u00e9nager en toute s\u00e9r\u00e9nit\u00e9\",\"datePublished\":\"2022-03-16T08:42:15+00:00\",\"dateModified\":\"2024-09-06T13:47:00+00:00\",\"mainEntityOfPage\":{\"@id\":\"https:\/\/www.moveagain.ch\/beratung\/fr\/check-list-de-demenagement\/\"},\"wordCount\":2474,\"publisher\":{\"@id\":\"https:\/\/www.moveagain.ch\/beratung\/#organization\"},\"image\":{\"@id\":\"https:\/\/www.moveagain.ch\/beratung\/fr\/check-list-de-demenagement\/#primaryimage\"},\"thumbnailUrl\":\"https:\/\/www.moveagain.ch\/beratung\/wp-content\/uploads\/2018\/11\/Umzug-Checkliste.jpg\",\"keywords\":[\"Administratif\",\"D\u00e9m\u00e9nagement\"],\"articleSection\":[\"Checklist\"],\"inLanguage\":\"fr-FR\"},{\"@type\":\"WebPage\",\"@id\":\"https:\/\/www.moveagain.ch\/beratung\/fr\/check-list-de-demenagement\/\",\"url\":\"https:\/\/www.moveagain.ch\/beratung\/fr\/check-list-de-demenagement\/\",\"name\":\"Check-list de d\u00e9m\u00e9nagement : d\u00e9m\u00e9nager en toute s\u00e9r\u00e9nit\u00e9\",\"isPartOf\":{\"@id\":\"https:\/\/www.moveagain.ch\/beratung\/#website\"},\"primaryImageOfPage\":{\"@id\":\"https:\/\/www.moveagain.ch\/beratung\/fr\/check-list-de-demenagement\/#primaryimage\"},\"image\":{\"@id\":\"https:\/\/www.moveagain.ch\/beratung\/fr\/check-list-de-demenagement\/#primaryimage\"},\"thumbnailUrl\":\"https:\/\/www.moveagain.ch\/beratung\/wp-content\/uploads\/2018\/11\/Umzug-Checkliste.jpg\",\"datePublished\":\"2022-03-16T08:42:15+00:00\",\"dateModified\":\"2024-09-06T13:47:00+00:00\",\"description\":\"\u00c9vitez le stress du d\u00e9m\u00e9nagement gr\u00e2ce \u00e0 notre check-list regroupant toutes les t\u00e2ches \u00e0 r\u00e9aliser et d\u00e9m\u00e9nager en toute s\u00e9r\u00e9nit\u00e9.\",\"breadcrumb\":{\"@id\":\"https:\/\/www.moveagain.ch\/beratung\/fr\/check-list-de-demenagement\/#breadcrumb\"},\"inLanguage\":\"fr-FR\",\"potentialAction\":[{\"@type\":\"ReadAction\",\"target\":[\"https:\/\/www.moveagain.ch\/beratung\/fr\/check-list-de-demenagement\/\"]}]},{\"@type\":\"ImageObject\",\"inLanguage\":\"fr-FR\",\"@id\":\"https:\/\/www.moveagain.ch\/beratung\/fr\/check-list-de-demenagement\/#primaryimage\",\"url\":\"https:\/\/www.moveagain.ch\/beratung\/wp-content\/uploads\/2018\/11\/Umzug-Checkliste.jpg\",\"contentUrl\":\"https:\/\/www.moveagain.ch\/beratung\/wp-content\/uploads\/2018\/11\/Umzug-Checkliste.jpg\",\"width\":1000,\"height\":664,\"caption\":\"chien-dans-un-carton-de-d\u00e9m\u00e9nagement\"},{\"@type\":\"BreadcrumbList\",\"@id\":\"https:\/\/www.moveagain.ch\/beratung\/fr\/check-list-de-demenagement\/#breadcrumb\",\"itemListElement\":[{\"@type\":\"ListItem\",\"position\":1,\"name\":\"Home\",\"item\":\"https:\/\/www.moveagain.ch\/beratung\/\"},{\"@type\":\"ListItem\",\"position\":2,\"name\":\"Check-list de d\u00e9m\u00e9nagement : d\u00e9m\u00e9nager en toute s\u00e9r\u00e9nit\u00e9\"}]},{\"@type\":\"WebSite\",\"@id\":\"https:\/\/www.moveagain.ch\/beratung\/#website\",\"url\":\"https:\/\/www.moveagain.ch\/beratung\/\",\"name\":\"MoveAgain\",\"description\":\"Ihre sichere Adresse f\u00fcr Umz\u00fcge in der ganzen Schweiz\",\"publisher\":{\"@id\":\"https:\/\/www.moveagain.ch\/beratung\/#organization\"},\"potentialAction\":[{\"@type\":\"SearchAction\",\"target\":{\"@type\":\"EntryPoint\",\"urlTemplate\":\"https:\/\/www.moveagain.ch\/beratung\/?s={search_term_string}\"},\"query-input\":{\"@type\":\"PropertyValueSpecification\",\"valueRequired\":true,\"valueName\":\"search_term_string\"}}],\"inLanguage\":\"fr-FR\"},{\"@type\":\"Organization\",\"@id\":\"https:\/\/www.moveagain.ch\/beratung\/#organization\",\"name\":\"Moveagain\",\"url\":\"https:\/\/www.moveagain.ch\/beratung\/\",\"logo\":{\"@type\":\"ImageObject\",\"inLanguage\":\"fr-FR\",\"@id\":\"https:\/\/www.moveagain.ch\/beratung\/#\/schema\/logo\/image\/\",\"url\":\"https:\/\/www.moveagain.ch\/beratung\/wp-content\/uploads\/2018\/09\/logo-v2.png\",\"contentUrl\":\"https:\/\/www.moveagain.ch\/beratung\/wp-content\/uploads\/2018\/09\/logo-v2.png\",\"width\":1457,\"height\":309,\"caption\":\"Moveagain\"},\"image\":{\"@id\":\"https:\/\/www.moveagain.ch\/beratung\/#\/schema\/logo\/image\/\"}},{\"@type\":\"Person\",\"@id\":\"https:\/\/www.moveagain.ch\/beratung\/#\/schema\/person\/9832ee75956cacc6fc458e06135b8a4a\",\"name\":\"Mladjan Filipovic\",\"image\":{\"@type\":\"ImageObject\",\"inLanguage\":\"fr-FR\",\"@id\":\"https:\/\/www.moveagain.ch\/beratung\/#\/schema\/person\/image\/\",\"url\":\"https:\/\/secure.gravatar.com\/avatar\/dcdfd8125f4cd34dc85bc40d687d1f74?s=96&d=mm&r=g\",\"contentUrl\":\"https:\/\/secure.gravatar.com\/avatar\/dcdfd8125f4cd34dc85bc40d687d1f74?s=96&d=mm&r=g\",\"caption\":\"Mladjan Filipovic\"},\"url\":\"https:\/\/www.moveagain.ch\/beratung\/fr\/author\/mladjan\/\"}]}<\/script>\n<!-- \/ Yoast SEO plugin. -->","yoast_head_json":{"title":"Check-list de d\u00e9m\u00e9nagement : d\u00e9m\u00e9nager en toute s\u00e9r\u00e9nit\u00e9","description":"\u00c9vitez le stress du d\u00e9m\u00e9nagement gr\u00e2ce \u00e0 notre check-list regroupant toutes les t\u00e2ches \u00e0 r\u00e9aliser et d\u00e9m\u00e9nager en toute s\u00e9r\u00e9nit\u00e9.","robots":{"index":"index","follow":"follow","max-snippet":"max-snippet:-1","max-image-preview":"max-image-preview:large","max-video-preview":"max-video-preview:-1"},"canonical":"https:\/\/www.moveagain.ch\/beratung\/fr\/check-list-de-demenagement\/","og_locale":"fr_FR","og_type":"article","og_title":"Check-list de d\u00e9m\u00e9nagement : d\u00e9m\u00e9nager en toute s\u00e9r\u00e9nit\u00e9","og_description":"\u00c9vitez le stress du d\u00e9m\u00e9nagement gr\u00e2ce \u00e0 notre check-list regroupant toutes les t\u00e2ches \u00e0 r\u00e9aliser et d\u00e9m\u00e9nager en toute s\u00e9r\u00e9nit\u00e9.","og_url":"https:\/\/www.moveagain.ch\/beratung\/fr\/check-list-de-demenagement\/","og_site_name":"MoveAgain","article_published_time":"2022-03-16T08:42:15+00:00","article_modified_time":"2024-09-06T13:47:00+00:00","og_image":[{"width":1000,"height":664,"url":"https:\/\/www.moveagain.ch\/beratung\/wp-content\/uploads\/2018\/11\/Umzug-Checkliste.jpg","type":"image\/jpeg"}],"author":"Mladjan Filipovic","twitter_card":"summary_large_image","twitter_misc":{"\u00c9crit par":"Mladjan Filipovic","Dur\u00e9e de lecture estim\u00e9e":"12 minutes"},"schema":{"@context":"https:\/\/schema.org","@graph":[{"@type":"Article","@id":"https:\/\/www.moveagain.ch\/beratung\/fr\/check-list-de-demenagement\/#article","isPartOf":{"@id":"https:\/\/www.moveagain.ch\/beratung\/fr\/check-list-de-demenagement\/"},"author":{"name":"Mladjan Filipovic","@id":"https:\/\/www.moveagain.ch\/beratung\/#\/schema\/person\/9832ee75956cacc6fc458e06135b8a4a"},"headline":"Check-list de d\u00e9m\u00e9nagement : d\u00e9m\u00e9nager en toute s\u00e9r\u00e9nit\u00e9","datePublished":"2022-03-16T08:42:15+00:00","dateModified":"2024-09-06T13:47:00+00:00","mainEntityOfPage":{"@id":"https:\/\/www.moveagain.ch\/beratung\/fr\/check-list-de-demenagement\/"},"wordCount":2474,"publisher":{"@id":"https:\/\/www.moveagain.ch\/beratung\/#organization"},"image":{"@id":"https:\/\/www.moveagain.ch\/beratung\/fr\/check-list-de-demenagement\/#primaryimage"},"thumbnailUrl":"https:\/\/www.moveagain.ch\/beratung\/wp-content\/uploads\/2018\/11\/Umzug-Checkliste.jpg","keywords":["Administratif","D\u00e9m\u00e9nagement"],"articleSection":["Checklist"],"inLanguage":"fr-FR"},{"@type":"WebPage","@id":"https:\/\/www.moveagain.ch\/beratung\/fr\/check-list-de-demenagement\/","url":"https:\/\/www.moveagain.ch\/beratung\/fr\/check-list-de-demenagement\/","name":"Check-list de d\u00e9m\u00e9nagement : d\u00e9m\u00e9nager en toute s\u00e9r\u00e9nit\u00e9","isPartOf":{"@id":"https:\/\/www.moveagain.ch\/beratung\/#website"},"primaryImageOfPage":{"@id":"https:\/\/www.moveagain.ch\/beratung\/fr\/check-list-de-demenagement\/#primaryimage"},"image":{"@id":"https:\/\/www.moveagain.ch\/beratung\/fr\/check-list-de-demenagement\/#primaryimage"},"thumbnailUrl":"https:\/\/www.moveagain.ch\/beratung\/wp-content\/uploads\/2018\/11\/Umzug-Checkliste.jpg","datePublished":"2022-03-16T08:42:15+00:00","dateModified":"2024-09-06T13:47:00+00:00","description":"\u00c9vitez le stress du d\u00e9m\u00e9nagement gr\u00e2ce \u00e0 notre check-list regroupant toutes les t\u00e2ches \u00e0 r\u00e9aliser et d\u00e9m\u00e9nager en toute s\u00e9r\u00e9nit\u00e9.","breadcrumb":{"@id":"https:\/\/www.moveagain.ch\/beratung\/fr\/check-list-de-demenagement\/#breadcrumb"},"inLanguage":"fr-FR","potentialAction":[{"@type":"ReadAction","target":["https:\/\/www.moveagain.ch\/beratung\/fr\/check-list-de-demenagement\/"]}]},{"@type":"ImageObject","inLanguage":"fr-FR","@id":"https:\/\/www.moveagain.ch\/beratung\/fr\/check-list-de-demenagement\/#primaryimage","url":"https:\/\/www.moveagain.ch\/beratung\/wp-content\/uploads\/2018\/11\/Umzug-Checkliste.jpg","contentUrl":"https:\/\/www.moveagain.ch\/beratung\/wp-content\/uploads\/2018\/11\/Umzug-Checkliste.jpg","width":1000,"height":664,"caption":"chien-dans-un-carton-de-d\u00e9m\u00e9nagement"},{"@type":"BreadcrumbList","@id":"https:\/\/www.moveagain.ch\/beratung\/fr\/check-list-de-demenagement\/#breadcrumb","itemListElement":[{"@type":"ListItem","position":1,"name":"Home","item":"https:\/\/www.moveagain.ch\/beratung\/"},{"@type":"ListItem","position":2,"name":"Check-list de d\u00e9m\u00e9nagement : d\u00e9m\u00e9nager en toute s\u00e9r\u00e9nit\u00e9"}]},{"@type":"WebSite","@id":"https:\/\/www.moveagain.ch\/beratung\/#website","url":"https:\/\/www.moveagain.ch\/beratung\/","name":"MoveAgain","description":"Ihre sichere Adresse f\u00fcr Umz\u00fcge in der ganzen Schweiz","publisher":{"@id":"https:\/\/www.moveagain.ch\/beratung\/#organization"},"potentialAction":[{"@type":"SearchAction","target":{"@type":"EntryPoint","urlTemplate":"https:\/\/www.moveagain.ch\/beratung\/?s={search_term_string}"},"query-input":{"@type":"PropertyValueSpecification","valueRequired":true,"valueName":"search_term_string"}}],"inLanguage":"fr-FR"},{"@type":"Organization","@id":"https:\/\/www.moveagain.ch\/beratung\/#organization","name":"Moveagain","url":"https:\/\/www.moveagain.ch\/beratung\/","logo":{"@type":"ImageObject","inLanguage":"fr-FR","@id":"https:\/\/www.moveagain.ch\/beratung\/#\/schema\/logo\/image\/","url":"https:\/\/www.moveagain.ch\/beratung\/wp-content\/uploads\/2018\/09\/logo-v2.png","contentUrl":"https:\/\/www.moveagain.ch\/beratung\/wp-content\/uploads\/2018\/09\/logo-v2.png","width":1457,"height":309,"caption":"Moveagain"},"image":{"@id":"https:\/\/www.moveagain.ch\/beratung\/#\/schema\/logo\/image\/"}},{"@type":"Person","@id":"https:\/\/www.moveagain.ch\/beratung\/#\/schema\/person\/9832ee75956cacc6fc458e06135b8a4a","name":"Mladjan Filipovic","image":{"@type":"ImageObject","inLanguage":"fr-FR","@id":"https:\/\/www.moveagain.ch\/beratung\/#\/schema\/person\/image\/","url":"https:\/\/secure.gravatar.com\/avatar\/dcdfd8125f4cd34dc85bc40d687d1f74?s=96&d=mm&r=g","contentUrl":"https:\/\/secure.gravatar.com\/avatar\/dcdfd8125f4cd34dc85bc40d687d1f74?s=96&d=mm&r=g","caption":"Mladjan Filipovic"},"url":"https:\/\/www.moveagain.ch\/beratung\/fr\/author\/mladjan\/"}]}},"_links":{"self":[{"href":"https:\/\/www.moveagain.ch\/beratung\/fr\/wp-json\/wp\/v2\/posts\/2458"}],"collection":[{"href":"https:\/\/www.moveagain.ch\/beratung\/fr\/wp-json\/wp\/v2\/posts"}],"about":[{"href":"https:\/\/www.moveagain.ch\/beratung\/fr\/wp-json\/wp\/v2\/types\/post"}],"author":[{"embeddable":true,"href":"https:\/\/www.moveagain.ch\/beratung\/fr\/wp-json\/wp\/v2\/users\/13"}],"replies":[{"embeddable":true,"href":"https:\/\/www.moveagain.ch\/beratung\/fr\/wp-json\/wp\/v2\/comments?post=2458"}],"version-history":[{"count":9,"href":"https:\/\/www.moveagain.ch\/beratung\/fr\/wp-json\/wp\/v2\/posts\/2458\/revisions"}],"predecessor-version":[{"id":3306,"href":"https:\/\/www.moveagain.ch\/beratung\/fr\/wp-json\/wp\/v2\/posts\/2458\/revisions\/3306"}],"wp:featuredmedia":[{"embeddable":true,"href":"https:\/\/www.moveagain.ch\/beratung\/fr\/wp-json\/wp\/v2\/media\/2459"}],"wp:attachment":[{"href":"https:\/\/www.moveagain.ch\/beratung\/fr\/wp-json\/wp\/v2\/media?parent=2458"}],"wp:term":[{"taxonomy":"category","embeddable":true,"href":"https:\/\/www.moveagain.ch\/beratung\/fr\/wp-json\/wp\/v2\/categories?post=2458"},{"taxonomy":"post_tag","embeddable":true,"href":"https:\/\/www.moveagain.ch\/beratung\/fr\/wp-json\/wp\/v2\/tags?post=2458"}],"curies":[{"name":"wp","href":"https:\/\/api.w.org\/{rel}","templated":true}]}}