{"id":2636,"date":"2022-03-31T14:03:12","date_gmt":"2022-03-31T14:03:12","guid":{"rendered":"https:\/\/www.moveagain.ch\/beratung\/check-list-premier-logement\/"},"modified":"2022-07-04T05:47:06","modified_gmt":"2022-07-04T05:47:06","slug":"check-list-premier-logement","status":"publish","type":"post","link":"https:\/\/www.moveagain.ch\/beratung\/fr\/check-list-premier-logement\/","title":{"rendered":"Check-list premier logement"},"content":{"rendered":"\n<p>\u00c7a y est, tu as franchi le pas vers le monde des adultes et poss\u00e8des d\u00e9sormais ton propre appartement. D\u00e9m\u00e9nager seul pour la premi\u00e8re fois est toujours un projet excitant ! Mais ce plaisir peut vite s&rsquo;estomper lorsque l&rsquo;on s&rsquo;aper\u00e7oit qu&rsquo;il manque la moiti\u00e9 des choses. En effet, un premier d\u00e9m\u00e9nagement ne s\u2019improvise pas. Il est important de faire les pr\u00e9paratifs en amont afin d\u2019emm\u00e9nager dans le nouveau logement en toute s\u00e9r\u00e9nit\u00e9. En plus de toutes les d\u00e9marches administratives que cela implique et l\u2019emballage des cartons de d\u00e9m\u00e9nagement, il faut aussi investir dans du mobilier et des objets du quotidien. Pour t\u2019aider dans ton projet de d\u00e9m\u00e9nagement et t\u2019aider dans cette nouvelle grande aventure, <a href=\"https:\/\/www.moveagain.ch\/fr\">MoveAgain<\/a> a cr\u00e9\u00e9 une check-list sur mesure. Gr\u00e2ce \u00e0 elle, impossible de rater ton d\u00e9m\u00e9nagement&nbsp;!<\/p>\n\n\n\n<ol class=\"wp-block-list\"><li><a href=\"http:\/\/le-mobilier\">Le mobilier<\/a><\/li><li><a href=\"#la-cuisine\">La cuisine<\/a><\/li><li><a href=\"#salle-de-bain\">La salle de bain&nbsp;<\/a><\/li><li><a href=\"#le-salon\">Le salon&nbsp;<\/a><\/li><li><a href=\"#la-chambre-a-coucher\">La chambre \u00e0 coucher&nbsp;<\/a><\/li><li><a href=\"#les-articles-menagers\">Les articles m\u00e9nagers<\/a><\/li><li><a href=\"#les-autres-essentiels\">Les autres essentiels&nbsp;<\/a><\/li><\/ol>\n\n\n\n<h2 class=\"wp-block-heading\" id=\"le-mobilier\">1. Le mobilier<\/h2>\n\n\n\n<p>Qui dit premier appartement dit souvent petit budget. Pas de panique pour autant, plein d\u2019options s\u2019offrent \u00e0 toi pour autant, tu n\u2019as pas besoin d\u2019objets luxueux pour faire de ton nouveau logement un joli cocon. Au d\u00e9but, voil\u00e0 ce dont tu auras besoin&nbsp;:&nbsp;<\/p>\n\n\n\n<ul class=\"wp-block-list\"><li>1 lit<\/li><li>1 canap\u00e9<\/li><li>1 table basse<\/li><li>1 Commode (si pas de placard)<\/li><li>1 table \u00e0 manger&nbsp;<\/li><li>Des chaises&nbsp;<\/li><li>1 bureau&nbsp;<\/li><\/ul>\n\n\n\n<p>Nous te conseillons fortement d\u2019acheter tes meubles via des sites de seconde-main ou dans des magasins caritatifs comme Emma\u00fcs. Si tu es manuel, n\u2019h\u00e9site pas \u00e0 \u00eatre cr\u00e9atif en t\u2019inspirant de tutoriels sur internet comme pour fabriquer une table basse \u00e0 l\u2019aide de palettes. Lors de la visite, paye attention aux rangements&nbsp;: plus tu en as, moins tu as besoin d\u2019acheter de meubles&nbsp;!&nbsp;<\/p>\n\n\n\n<figure class=\"wp-block-image\"><img loading=\"lazy\" decoding=\"async\" width=\"724\" height=\"1024\" src=\"https:\/\/www.moveagain.ch\/beratung\/wp-content\/uploads\/2022\/03\/le-mobilier-2-724x1024.jpg\" alt=\"\" class=\"wp-image-2661\" srcset=\"https:\/\/www.moveagain.ch\/beratung\/wp-content\/uploads\/2022\/03\/le-mobilier-2.jpg 724w, https:\/\/www.moveagain.ch\/beratung\/wp-content\/uploads\/2022\/03\/le-mobilier-2-212x300.jpg 212w, https:\/\/www.moveagain.ch\/beratung\/wp-content\/uploads\/2022\/03\/le-mobilier-2-768x1086.jpg 768w, https:\/\/www.moveagain.ch\/beratung\/wp-content\/uploads\/2022\/03\/le-mobilier-2-696x984.jpg 696w, https:\/\/www.moveagain.ch\/beratung\/wp-content\/uploads\/2022\/03\/le-mobilier-2-1068x1511.jpg 1068w, https:\/\/www.moveagain.ch\/beratung\/wp-content\/uploads\/2022\/03\/le-mobilier-2-297x420.jpg 297w\" sizes=\"(max-width: 724px) 100vw, 724px\" \/><\/figure>\n\n\n\n\n\n<h2 class=\"wp-block-heading\" id=\"la-cuisine\">2. La cuisine<\/h2>\n\n\n\n<p>M\u00eame dans un logement meubl\u00e9, il n\u2019est pas rare que plusieurs choses manquent \u00e0 l\u2019appel du c\u00f4t\u00e9 de la cuisine. Pour ce qui est de la vaisselle, n\u2019h\u00e9site pas \u00e0 solliciter ton entourage. Il n\u2019est pas rare que ta famille soit ravie de se d\u00e9barrasser de quelques assiettes et quelques verres accumul\u00e9s avec les ann\u00e9es&nbsp;!&nbsp;<\/p>\n\n\n\n<p><strong>Vaisselle&nbsp;<\/strong><\/p>\n\n\n\n<ul class=\"wp-block-list\"><li>Assiettes plates<\/li><li>Assiettes creuses<\/li><li>Petites assiettes<\/li><li>Verres \u00e0 eau&nbsp;<\/li><li>Verres \u00e0 vin<\/li><li>Tasses \/ bols&nbsp;<\/li><li>Couverts&nbsp;<\/li><\/ul>\n\n\n\n<figure class=\"wp-block-image\"><img loading=\"lazy\" decoding=\"async\" width=\"724\" height=\"1024\" src=\"https:\/\/www.moveagain.ch\/beratung\/wp-content\/uploads\/2022\/03\/la-cuisine-vaisselle-1-724x1024.jpg\" alt=\"\" class=\"wp-image-2667\" srcset=\"https:\/\/www.moveagain.ch\/beratung\/wp-content\/uploads\/2022\/03\/la-cuisine-vaisselle-1.jpg 724w, https:\/\/www.moveagain.ch\/beratung\/wp-content\/uploads\/2022\/03\/la-cuisine-vaisselle-1-212x300.jpg 212w, https:\/\/www.moveagain.ch\/beratung\/wp-content\/uploads\/2022\/03\/la-cuisine-vaisselle-1-768x1086.jpg 768w, https:\/\/www.moveagain.ch\/beratung\/wp-content\/uploads\/2022\/03\/la-cuisine-vaisselle-1-696x984.jpg 696w, https:\/\/www.moveagain.ch\/beratung\/wp-content\/uploads\/2022\/03\/la-cuisine-vaisselle-1-1068x1511.jpg 1068w, https:\/\/www.moveagain.ch\/beratung\/wp-content\/uploads\/2022\/03\/la-cuisine-vaisselle-1-297x420.jpg 297w\" sizes=\"(max-width: 724px) 100vw, 724px\" \/><\/figure>\n\n\n\n<p><strong>Ustensiles&nbsp;<\/strong><\/p>\n\n\n\n<ul class=\"wp-block-list\"><li>Casseroles et po\u00eales<\/li><li>Plats pour le four&nbsp;<\/li><li>Un saladier<\/li><li>Une louche<\/li><li>Des spatules et des cuill\u00e8res en bois<\/li><li>Un set de couteaux<\/li><li>Un \u00e9pluche-l\u00e9gumes&nbsp;<\/li><li>Un tire-bouchon<\/li><li>Un ouvre-bo\u00eete<\/li><li>Une passoire<\/li><li>Une planche \u00e0 d\u00e9couper<\/li><li>Un verre doseur<\/li><li>Des boites de conservation&nbsp;<\/li><li>Un plateau&nbsp;&nbsp;&nbsp;&nbsp;&nbsp;<\/li><\/ul>\n\n\n\n<figure class=\"wp-block-image\"><img decoding=\"async\" src=\"https:\/\/www.moveagain.ch\/beratung\/wp-content\/uploads\/2022\/03\/la-cuisine-ustensiles-724x1024.jpg\" alt=\"\" class=\"wp-image-2653\"\/><\/figure>\n\n\n\n<p><strong>\u00c9lectrom\u00e9nager<\/strong><\/p>\n\n\n\n<ul class=\"wp-block-list\"><li>Un four \u00e0 micro-ondes<\/li><li>Un grille-pain<\/li><li>Une machine \u00e0 caf\u00e9<\/li><li>Une bouilloire<\/li><li>Un mixeur&nbsp;<\/li><\/ul>\n\n\n\n<p><strong>Autres<\/strong><\/p>\n\n\n\n<ul class=\"wp-block-list\"><li>Un s\u00e9choir pour la vaisselle<\/li><li>Des gants de cuisine \/ gants de four<\/li><li>Des torchons<\/li><li>Une poubelle (et bacs de recyclage)<\/li><\/ul>\n\n\n\n<figure class=\"wp-block-image\"><img loading=\"lazy\" decoding=\"async\" width=\"724\" height=\"1024\" src=\"https:\/\/www.moveagain.ch\/beratung\/wp-content\/uploads\/2022\/03\/electromenager-autres-724x1024.jpg\" alt=\"\" class=\"wp-image-2679\" srcset=\"https:\/\/www.moveagain.ch\/beratung\/wp-content\/uploads\/2022\/03\/electromenager-autres.jpg 724w, https:\/\/www.moveagain.ch\/beratung\/wp-content\/uploads\/2022\/03\/electromenager-autres-212x300.jpg 212w, https:\/\/www.moveagain.ch\/beratung\/wp-content\/uploads\/2022\/03\/electromenager-autres-768x1086.jpg 768w, https:\/\/www.moveagain.ch\/beratung\/wp-content\/uploads\/2022\/03\/electromenager-autres-696x984.jpg 696w, https:\/\/www.moveagain.ch\/beratung\/wp-content\/uploads\/2022\/03\/electromenager-autres-1068x1511.jpg 1068w, https:\/\/www.moveagain.ch\/beratung\/wp-content\/uploads\/2022\/03\/electromenager-autres-297x420.jpg 297w\" sizes=\"(max-width: 724px) 100vw, 724px\" \/><\/figure>\n\n\n\n<p><strong>Produits m\u00e9nagers<\/strong><\/p>\n\n\n\n<ul class=\"wp-block-list\"><li>Du liquide vaisselle&nbsp;<\/li><li>Des \u00e9ponges<\/li><li>Des essuie-mains&nbsp;<\/li><li>Un rouleau d&rsquo;aluminium<\/li><li>Un rouleau de film plastique<\/li><li>Un rouleau de papier cuisson<\/li><li>Des sacs poubelles<\/li><\/ul>\n\n\n\n<figure class=\"wp-block-image\"><img loading=\"lazy\" decoding=\"async\" width=\"724\" height=\"1024\" src=\"https:\/\/www.moveagain.ch\/beratung\/wp-content\/uploads\/2022\/03\/produits-m\u00e9nagers-724x1024.jpg\" alt=\"\" class=\"wp-image-2673\" srcset=\"https:\/\/www.moveagain.ch\/beratung\/wp-content\/uploads\/2022\/03\/produits-m\u00e9nagers.jpg 724w, https:\/\/www.moveagain.ch\/beratung\/wp-content\/uploads\/2022\/03\/produits-m\u00e9nagers-212x300.jpg 212w, https:\/\/www.moveagain.ch\/beratung\/wp-content\/uploads\/2022\/03\/produits-m\u00e9nagers-768x1086.jpg 768w, https:\/\/www.moveagain.ch\/beratung\/wp-content\/uploads\/2022\/03\/produits-m\u00e9nagers-696x984.jpg 696w, https:\/\/www.moveagain.ch\/beratung\/wp-content\/uploads\/2022\/03\/produits-m\u00e9nagers-1068x1511.jpg 1068w, https:\/\/www.moveagain.ch\/beratung\/wp-content\/uploads\/2022\/03\/produits-m\u00e9nagers-297x420.jpg 297w\" sizes=\"(max-width: 724px) 100vw, 724px\" \/><\/figure>\n\n\n\n<h2 class=\"wp-block-heading\" id=\"salle-de-bain\">3. La salle de bain<\/h2>\n\n\n\n<p>La salle d\u2019eau ne n\u00e9cessite g\u00e9n\u00e9ralement que peu d\u2019emm\u00e9nagement. Voici toutefois ce qu\u2019il te faudra penser \u00e0 acheter&nbsp;:<\/p>\n\n\n\n<ul class=\"wp-block-list\"><li>Des draps de bain et gants de toilette<\/li><li>Un nouveau rideau de douche (si besoin)<\/li><li>Un tapis de bain<\/li><li>Un verre \u00e0 dents&nbsp;<\/li><li>Une poubelle<\/li><li>Un s\u00e8che-cheveux&nbsp;<\/li><li>Une brosse \u00e0 toilettes<\/li><li>Du papier toilette<\/li><\/ul>\n\n\n\n<p>Et bien \u00e9videmment, ta trousse de toilette&nbsp;!<\/p>\n\n\n\n<figure class=\"wp-block-image\"><img loading=\"lazy\" decoding=\"async\" width=\"724\" height=\"1024\" src=\"https:\/\/www.moveagain.ch\/beratung\/wp-content\/uploads\/2022\/03\/la-salle-de-bain-724x1024.jpg\" alt=\"\" class=\"wp-image-2676\" srcset=\"https:\/\/www.moveagain.ch\/beratung\/wp-content\/uploads\/2022\/03\/la-salle-de-bain.jpg 724w, https:\/\/www.moveagain.ch\/beratung\/wp-content\/uploads\/2022\/03\/la-salle-de-bain-212x300.jpg 212w, https:\/\/www.moveagain.ch\/beratung\/wp-content\/uploads\/2022\/03\/la-salle-de-bain-768x1086.jpg 768w, https:\/\/www.moveagain.ch\/beratung\/wp-content\/uploads\/2022\/03\/la-salle-de-bain-696x984.jpg 696w, https:\/\/www.moveagain.ch\/beratung\/wp-content\/uploads\/2022\/03\/la-salle-de-bain-1068x1511.jpg 1068w, https:\/\/www.moveagain.ch\/beratung\/wp-content\/uploads\/2022\/03\/la-salle-de-bain-297x420.jpg 297w\" sizes=\"(max-width: 724px) 100vw, 724px\" \/><\/figure>\n\n\n\n<h2 class=\"wp-block-heading\" id=\"le-salon\">4. Le salon<\/h2>\n\n\n\n<p>Si ton budget te le permet, et que tu souhaites agr\u00e9menter un peu la d\u00e9coration de ton salon, voici quelques id\u00e9es en plus de l\u2019essentiel&nbsp;:<\/p>\n\n\n\n<ul class=\"wp-block-list\"><li>Un t\u00e9l\u00e9viseur&nbsp;<\/li><li>Une biblioth\u00e8que<\/li><li>Une console ou table d\u2019appoint<\/li><li>Un fauteuil ou un pouf<\/li><li>Un porte-manteau&nbsp;<\/li><li>Des plantes<\/li><li>Une jolie lampe \u00e0 poser ou un lampadaire<\/li><li>Un plaid pour le canap\u00e9<\/li><li>Des coussins fantaisie&nbsp;<\/li><li>Des bougies&nbsp;<\/li><li>Des vases&nbsp;<\/li><\/ul>\n\n\n\n<p>Notre astuce&nbsp;: pour les coussins, privil\u00e9gie des coussins d\u00e9houssables qui te permettront de les laver r\u00e9guli\u00e8rement, mais aussi de les changer selon les saisons par exemple&nbsp;!&nbsp;<\/p>\n\n\n\n<figure class=\"wp-block-image\"><img loading=\"lazy\" decoding=\"async\" width=\"724\" height=\"1024\" src=\"https:\/\/www.moveagain.ch\/beratung\/wp-content\/uploads\/2022\/03\/le-salon-724x1024.jpg\" alt=\"\" class=\"wp-image-2664\" srcset=\"https:\/\/www.moveagain.ch\/beratung\/wp-content\/uploads\/2022\/03\/le-salon.jpg 724w, https:\/\/www.moveagain.ch\/beratung\/wp-content\/uploads\/2022\/03\/le-salon-212x300.jpg 212w, https:\/\/www.moveagain.ch\/beratung\/wp-content\/uploads\/2022\/03\/le-salon-768x1086.jpg 768w, https:\/\/www.moveagain.ch\/beratung\/wp-content\/uploads\/2022\/03\/le-salon-696x984.jpg 696w, https:\/\/www.moveagain.ch\/beratung\/wp-content\/uploads\/2022\/03\/le-salon-1068x1511.jpg 1068w, https:\/\/www.moveagain.ch\/beratung\/wp-content\/uploads\/2022\/03\/le-salon-297x420.jpg 297w\" sizes=\"(max-width: 724px) 100vw, 724px\" \/><\/figure>\n\n\n\n<h2 class=\"wp-block-heading\" id=\"la-chambre-a-coucher\">5. La chambre \u00e0 coucher<\/h2>\n\n\n\n<p>Il est important de se sentir \u00e0 l\u2019aise dans sa chambre \u00e0 coucher pour passer une bonne nuit de sommeil. Voici de quoi passer de douces nuits&nbsp;:&nbsp;<\/p>\n\n\n\n<ul class=\"wp-block-list\"><li>Un matelas (avec ou sans topper)<\/li><li>Une couette<\/li><li>Deux oreillers<\/li><li>Deux parures de lits&nbsp;: housse de couette, drap-housse et taies d\u2019oreillers<\/li><li>Une grosse couverture ou un plaid<\/li><li>Une table de nuit<\/li><li>Un r\u00e9veil&nbsp;<\/li><li>Une lampe&nbsp;<\/li><li>Des cintres<\/li><li>Un grand miroir<\/li><li>Un panier \u00e0 linge<\/li><li>Quelques paniers de rangements<\/li><li>Une paire de rideaux (si besoin)<\/li><\/ul>\n\n\n\n<figure class=\"wp-block-image\"><img loading=\"lazy\" decoding=\"async\" width=\"724\" height=\"1024\" src=\"https:\/\/www.moveagain.ch\/beratung\/wp-content\/uploads\/2022\/03\/la-chambre-a-coucher-724x1024.jpg\" alt=\"\" class=\"wp-image-2685\" srcset=\"https:\/\/www.moveagain.ch\/beratung\/wp-content\/uploads\/2022\/03\/la-chambre-a-coucher.jpg 724w, https:\/\/www.moveagain.ch\/beratung\/wp-content\/uploads\/2022\/03\/la-chambre-a-coucher-212x300.jpg 212w, https:\/\/www.moveagain.ch\/beratung\/wp-content\/uploads\/2022\/03\/la-chambre-a-coucher-768x1086.jpg 768w, https:\/\/www.moveagain.ch\/beratung\/wp-content\/uploads\/2022\/03\/la-chambre-a-coucher-696x984.jpg 696w, https:\/\/www.moveagain.ch\/beratung\/wp-content\/uploads\/2022\/03\/la-chambre-a-coucher-1068x1511.jpg 1068w, https:\/\/www.moveagain.ch\/beratung\/wp-content\/uploads\/2022\/03\/la-chambre-a-coucher-297x420.jpg 297w\" sizes=\"(max-width: 724px) 100vw, 724px\" \/><\/figure>\n\n\n\n<h2 class=\"wp-block-heading\" id=\"les-articles-menagers\">6. Les articles m\u00e9nagers<\/h2>\n\n\n\n<p>Une fois bien install\u00e9, encore faut-il ne pas oublier de garder son logement propre comme au premier jour&nbsp;! Pour cela il te faudra&nbsp;:<\/p>\n\n\n\n<ul class=\"wp-block-list\"><li>Un paillasson<\/li><li>Un \u00e9tendoir \u00e0 linge<\/li><li>De la lessive<\/li><li>Un balai<\/li><li>Un aspirateur<\/li><li>Une balayette<\/li><li>Une serpill\u00e8re<\/li><li>Des chiffons<\/li><li>Des \u00e9ponges&nbsp;<\/li><li>Une table et un fer \u00e0 repasser<\/li><li>Des produits m\u00e9nagers&nbsp;: du savon noir pour toutes les surfaces, du vinaigre blanc pour les vitres et miroirs, de la javel pour les sanitaires.&nbsp;<\/li><li>Un lave-linge (selon ton budget)<\/li><\/ul>\n\n\n\n<figure class=\"wp-block-image\"><img loading=\"lazy\" decoding=\"async\" width=\"724\" height=\"1024\" src=\"https:\/\/www.moveagain.ch\/beratung\/wp-content\/uploads\/2022\/03\/les-articles-menagers-724x1024.jpg\" alt=\"\" class=\"wp-image-2682\" srcset=\"https:\/\/www.moveagain.ch\/beratung\/wp-content\/uploads\/2022\/03\/les-articles-menagers.jpg 724w, https:\/\/www.moveagain.ch\/beratung\/wp-content\/uploads\/2022\/03\/les-articles-menagers-212x300.jpg 212w, https:\/\/www.moveagain.ch\/beratung\/wp-content\/uploads\/2022\/03\/les-articles-menagers-768x1086.jpg 768w, https:\/\/www.moveagain.ch\/beratung\/wp-content\/uploads\/2022\/03\/les-articles-menagers-696x984.jpg 696w, https:\/\/www.moveagain.ch\/beratung\/wp-content\/uploads\/2022\/03\/les-articles-menagers-1068x1511.jpg 1068w, https:\/\/www.moveagain.ch\/beratung\/wp-content\/uploads\/2022\/03\/les-articles-menagers-297x420.jpg 297w\" sizes=\"(max-width: 724px) 100vw, 724px\" \/><\/figure>\n\n\n\n<h2 class=\"wp-block-heading\" id=\"les-autres-essentiels\">7. Les autres essentiels<\/h2>\n\n\n\n<p>Enfin, voici une liste de quelques objets qui sont toujours tops \u00e0 avoir sous la main&nbsp;:<\/p>\n\n\n\n<ul class=\"wp-block-list\"><li>Des piles<\/li><li>Des ampoules de rechange<\/li><li>Une multiprise<\/li><li>Une petite boite \u00e0 outils<\/li><\/ul>\n\n\n\n<figure class=\"wp-block-image\"><img loading=\"lazy\" decoding=\"async\" width=\"724\" height=\"1024\" src=\"https:\/\/www.moveagain.ch\/beratung\/wp-content\/uploads\/2022\/03\/autres-essentiels-724x1024.jpg\" alt=\"\" class=\"wp-image-2688\" srcset=\"https:\/\/www.moveagain.ch\/beratung\/wp-content\/uploads\/2022\/03\/autres-essentiels.jpg 724w, https:\/\/www.moveagain.ch\/beratung\/wp-content\/uploads\/2022\/03\/autres-essentiels-212x300.jpg 212w, https:\/\/www.moveagain.ch\/beratung\/wp-content\/uploads\/2022\/03\/autres-essentiels-768x1086.jpg 768w, https:\/\/www.moveagain.ch\/beratung\/wp-content\/uploads\/2022\/03\/autres-essentiels-696x984.jpg 696w, https:\/\/www.moveagain.ch\/beratung\/wp-content\/uploads\/2022\/03\/autres-essentiels-1068x1511.jpg 1068w, https:\/\/www.moveagain.ch\/beratung\/wp-content\/uploads\/2022\/03\/autres-essentiels-297x420.jpg 297w\" sizes=\"(max-width: 724px) 100vw, 724px\" \/><\/figure>\n\n\n\n<p>Tu as besoin d\u2019aide pour ton d\u00e9m\u00e9nagement&nbsp;?&nbsp;<a href=\"https:\/\/www.moveagain.ch\/fr\">MoveAgain<\/a>&nbsp;t\u2019accompagne et trouve pour toi un partenaire d\u00e9m\u00e9nageur au meilleur prix&nbsp;! Remplis notre&nbsp;<a href=\"https:\/\/www.moveagain.ch\/fr\/umzug-starten\">formulaire en ligne<\/a>&nbsp;et re\u00e7ois un devis gratuit sur ta boite mail. Prix fixe garantie&nbsp;!&nbsp;<\/p>\n\n\n\n<p>Psst\u2026 Si tu te poses aussi des questions concernant ta premi\u00e8re&nbsp;<a href=\"https:\/\/www.moveagain.ch\/beratung\/fr\/8-conseils-pour-une-visite-apparement-maison\/\">visite d\u2019appartement<\/a>&nbsp;ou encore comment se d\u00e9roule un&nbsp;<a href=\"https:\/\/www.moveagain.ch\/beratung\/fr\/etat-des-lieux\/\">\u00e9tat des lieux<\/a>, ou encore comment&nbsp;<a href=\"https:\/\/www.moveagain.ch\/beratung\/fr\/11-conseils-pour-economiser-de-largent-lors-de-votre-demenagement\/\">\u00e9conomiser de l\u2019argent<\/a>&nbsp;lors d\u2019un d\u00e9m\u00e9nagement, retrouve tous nos conseils sur notre blog&nbsp;!&nbsp;<\/p>\n","protected":false},"excerpt":{"rendered":"<p>\u00c7a y est, tu as franchi le pas vers le monde des adultes et poss\u00e8des d\u00e9sormais ton propre appartement. D\u00e9m\u00e9nager seul pour la premi\u00e8re fois est toujours un projet excitant ! Mais ce plaisir peut vite s&rsquo;estomper lorsque l&rsquo;on s&rsquo;aper\u00e7oit qu&rsquo;il manque la moiti\u00e9 des choses. En effet, un premier d\u00e9m\u00e9nagement ne s\u2019improvise pas. Il [&hellip;]<\/p>\n","protected":false},"author":7,"featured_media":1219,"comment_status":"closed","ping_status":"closed","sticky":false,"template":"","format":"standard","meta":{"footnotes":""},"categories":[55],"tags":[],"class_list":["post-2636","post","type-post","status-publish","format-standard","has-post-thumbnail","hentry","category-checklist-fr"],"yoast_head":"<!-- This site is optimized with the Yoast SEO plugin v23.4 - https:\/\/yoast.com\/wordpress\/plugins\/seo\/ -->\n<title>Check-list premier logement - MoveAgain<\/title>\n<meta name=\"description\" content=\"D\u00e9couvre les check-lists pour ton premier logement et d\u00e9m\u00e9nage en toute s\u00e9r\u00e9nit\u00e9 gr\u00e2ce \u00e0 MoveAgain !\" \/>\n<meta name=\"robots\" content=\"index, follow, max-snippet:-1, max-image-preview:large, max-video-preview:-1\" \/>\n<link rel=\"canonical\" href=\"https:\/\/www.moveagain.ch\/beratung\/fr\/check-list-premier-logement\/\" \/>\n<meta property=\"og:locale\" content=\"fr_FR\" \/>\n<meta property=\"og:type\" content=\"article\" \/>\n<meta property=\"og:title\" content=\"Check-list premier logement - MoveAgain\" \/>\n<meta property=\"og:description\" content=\"D\u00e9couvre les check-lists pour ton premier logement et d\u00e9m\u00e9nage en toute s\u00e9r\u00e9nit\u00e9 gr\u00e2ce \u00e0 MoveAgain !\" \/>\n<meta property=\"og:url\" content=\"https:\/\/www.moveagain.ch\/beratung\/fr\/check-list-premier-logement\/\" \/>\n<meta property=\"og:site_name\" content=\"MoveAgain\" \/>\n<meta property=\"article:published_time\" content=\"2022-03-31T14:03:12+00:00\" \/>\n<meta property=\"article:modified_time\" content=\"2022-07-04T05:47:06+00:00\" \/>\n<meta property=\"og:image\" content=\"https:\/\/www.moveagain.ch\/beratung\/wp-content\/uploads\/2021\/02\/Depositphotos_190880050_l-2015.jpg\" \/>\n\t<meta property=\"og:image:width\" content=\"1534\" \/>\n\t<meta property=\"og:image:height\" content=\"1024\" \/>\n\t<meta property=\"og:image:type\" content=\"image\/jpeg\" \/>\n<meta name=\"author\" content=\"Julia Halouska\" \/>\n<meta name=\"twitter:card\" content=\"summary_large_image\" \/>\n<meta name=\"twitter:label1\" content=\"\u00c9crit par\" \/>\n\t<meta name=\"twitter:data1\" content=\"Julia Halouska\" \/>\n\t<meta name=\"twitter:label2\" content=\"Dur\u00e9e de lecture estim\u00e9e\" \/>\n\t<meta name=\"twitter:data2\" content=\"5 minutes\" \/>\n<script type=\"application\/ld+json\" class=\"yoast-schema-graph\">{\"@context\":\"https:\/\/schema.org\",\"@graph\":[{\"@type\":\"Article\",\"@id\":\"https:\/\/www.moveagain.ch\/beratung\/fr\/check-list-premier-logement\/#article\",\"isPartOf\":{\"@id\":\"https:\/\/www.moveagain.ch\/beratung\/fr\/check-list-premier-logement\/\"},\"author\":{\"name\":\"Julia Halouska\",\"@id\":\"https:\/\/www.moveagain.ch\/beratung\/#\/schema\/person\/d100e510f3cf28716be4c4a29aa85561\"},\"headline\":\"Check-list premier logement\",\"datePublished\":\"2022-03-31T14:03:12+00:00\",\"dateModified\":\"2022-07-04T05:47:06+00:00\",\"mainEntityOfPage\":{\"@id\":\"https:\/\/www.moveagain.ch\/beratung\/fr\/check-list-premier-logement\/\"},\"wordCount\":1022,\"publisher\":{\"@id\":\"https:\/\/www.moveagain.ch\/beratung\/#organization\"},\"image\":{\"@id\":\"https:\/\/www.moveagain.ch\/beratung\/fr\/check-list-premier-logement\/#primaryimage\"},\"thumbnailUrl\":\"https:\/\/www.moveagain.ch\/beratung\/wp-content\/uploads\/2021\/02\/Depositphotos_190880050_l-2015.jpg\",\"articleSection\":[\"Checklist\"],\"inLanguage\":\"fr-FR\"},{\"@type\":\"WebPage\",\"@id\":\"https:\/\/www.moveagain.ch\/beratung\/fr\/check-list-premier-logement\/\",\"url\":\"https:\/\/www.moveagain.ch\/beratung\/fr\/check-list-premier-logement\/\",\"name\":\"Check-list premier logement - MoveAgain\",\"isPartOf\":{\"@id\":\"https:\/\/www.moveagain.ch\/beratung\/#website\"},\"primaryImageOfPage\":{\"@id\":\"https:\/\/www.moveagain.ch\/beratung\/fr\/check-list-premier-logement\/#primaryimage\"},\"image\":{\"@id\":\"https:\/\/www.moveagain.ch\/beratung\/fr\/check-list-premier-logement\/#primaryimage\"},\"thumbnailUrl\":\"https:\/\/www.moveagain.ch\/beratung\/wp-content\/uploads\/2021\/02\/Depositphotos_190880050_l-2015.jpg\",\"datePublished\":\"2022-03-31T14:03:12+00:00\",\"dateModified\":\"2022-07-04T05:47:06+00:00\",\"description\":\"D\u00e9couvre les check-lists pour ton premier logement et d\u00e9m\u00e9nage en toute s\u00e9r\u00e9nit\u00e9 gr\u00e2ce \u00e0 MoveAgain !\",\"breadcrumb\":{\"@id\":\"https:\/\/www.moveagain.ch\/beratung\/fr\/check-list-premier-logement\/#breadcrumb\"},\"inLanguage\":\"fr-FR\",\"potentialAction\":[{\"@type\":\"ReadAction\",\"target\":[\"https:\/\/www.moveagain.ch\/beratung\/fr\/check-list-premier-logement\/\"]}]},{\"@type\":\"ImageObject\",\"inLanguage\":\"fr-FR\",\"@id\":\"https:\/\/www.moveagain.ch\/beratung\/fr\/check-list-premier-logement\/#primaryimage\",\"url\":\"https:\/\/www.moveagain.ch\/beratung\/wp-content\/uploads\/2021\/02\/Depositphotos_190880050_l-2015.jpg\",\"contentUrl\":\"https:\/\/www.moveagain.ch\/beratung\/wp-content\/uploads\/2021\/02\/Depositphotos_190880050_l-2015.jpg\",\"width\":1534,\"height\":1024,\"caption\":\"cartons empil\u00e9s avec plante\"},{\"@type\":\"BreadcrumbList\",\"@id\":\"https:\/\/www.moveagain.ch\/beratung\/fr\/check-list-premier-logement\/#breadcrumb\",\"itemListElement\":[{\"@type\":\"ListItem\",\"position\":1,\"name\":\"Home\",\"item\":\"https:\/\/www.moveagain.ch\/beratung\/\"},{\"@type\":\"ListItem\",\"position\":2,\"name\":\"Check-list premier logement\"}]},{\"@type\":\"WebSite\",\"@id\":\"https:\/\/www.moveagain.ch\/beratung\/#website\",\"url\":\"https:\/\/www.moveagain.ch\/beratung\/\",\"name\":\"MoveAgain\",\"description\":\"Ihre sichere Adresse f\u00fcr Umz\u00fcge in der ganzen Schweiz\",\"publisher\":{\"@id\":\"https:\/\/www.moveagain.ch\/beratung\/#organization\"},\"potentialAction\":[{\"@type\":\"SearchAction\",\"target\":{\"@type\":\"EntryPoint\",\"urlTemplate\":\"https:\/\/www.moveagain.ch\/beratung\/?s={search_term_string}\"},\"query-input\":{\"@type\":\"PropertyValueSpecification\",\"valueRequired\":true,\"valueName\":\"search_term_string\"}}],\"inLanguage\":\"fr-FR\"},{\"@type\":\"Organization\",\"@id\":\"https:\/\/www.moveagain.ch\/beratung\/#organization\",\"name\":\"Moveagain\",\"url\":\"https:\/\/www.moveagain.ch\/beratung\/\",\"logo\":{\"@type\":\"ImageObject\",\"inLanguage\":\"fr-FR\",\"@id\":\"https:\/\/www.moveagain.ch\/beratung\/#\/schema\/logo\/image\/\",\"url\":\"https:\/\/www.moveagain.ch\/beratung\/wp-content\/uploads\/2018\/09\/logo-v2.png\",\"contentUrl\":\"https:\/\/www.moveagain.ch\/beratung\/wp-content\/uploads\/2018\/09\/logo-v2.png\",\"width\":1457,\"height\":309,\"caption\":\"Moveagain\"},\"image\":{\"@id\":\"https:\/\/www.moveagain.ch\/beratung\/#\/schema\/logo\/image\/\"}},{\"@type\":\"Person\",\"@id\":\"https:\/\/www.moveagain.ch\/beratung\/#\/schema\/person\/d100e510f3cf28716be4c4a29aa85561\",\"name\":\"Julia Halouska\",\"image\":{\"@type\":\"ImageObject\",\"inLanguage\":\"fr-FR\",\"@id\":\"https:\/\/www.moveagain.ch\/beratung\/#\/schema\/person\/image\/\",\"url\":\"https:\/\/secure.gravatar.com\/avatar\/e38383b54b7dfc5f710e82dfb270fe5e?s=96&d=mm&r=g\",\"contentUrl\":\"https:\/\/secure.gravatar.com\/avatar\/e38383b54b7dfc5f710e82dfb270fe5e?s=96&d=mm&r=g\",\"caption\":\"Julia Halouska\"},\"url\":\"https:\/\/www.moveagain.ch\/beratung\/fr\/author\/julia-halouska\/\"}]}<\/script>\n<!-- \/ Yoast SEO plugin. -->","yoast_head_json":{"title":"Check-list premier logement - MoveAgain","description":"D\u00e9couvre les check-lists pour ton premier logement et d\u00e9m\u00e9nage en toute s\u00e9r\u00e9nit\u00e9 gr\u00e2ce \u00e0 MoveAgain !","robots":{"index":"index","follow":"follow","max-snippet":"max-snippet:-1","max-image-preview":"max-image-preview:large","max-video-preview":"max-video-preview:-1"},"canonical":"https:\/\/www.moveagain.ch\/beratung\/fr\/check-list-premier-logement\/","og_locale":"fr_FR","og_type":"article","og_title":"Check-list premier logement - MoveAgain","og_description":"D\u00e9couvre les check-lists pour ton premier logement et d\u00e9m\u00e9nage en toute s\u00e9r\u00e9nit\u00e9 gr\u00e2ce \u00e0 MoveAgain !","og_url":"https:\/\/www.moveagain.ch\/beratung\/fr\/check-list-premier-logement\/","og_site_name":"MoveAgain","article_published_time":"2022-03-31T14:03:12+00:00","article_modified_time":"2022-07-04T05:47:06+00:00","og_image":[{"width":1534,"height":1024,"url":"https:\/\/www.moveagain.ch\/beratung\/wp-content\/uploads\/2021\/02\/Depositphotos_190880050_l-2015.jpg","type":"image\/jpeg"}],"author":"Julia Halouska","twitter_card":"summary_large_image","twitter_misc":{"\u00c9crit par":"Julia Halouska","Dur\u00e9e de lecture estim\u00e9e":"5 minutes"},"schema":{"@context":"https:\/\/schema.org","@graph":[{"@type":"Article","@id":"https:\/\/www.moveagain.ch\/beratung\/fr\/check-list-premier-logement\/#article","isPartOf":{"@id":"https:\/\/www.moveagain.ch\/beratung\/fr\/check-list-premier-logement\/"},"author":{"name":"Julia Halouska","@id":"https:\/\/www.moveagain.ch\/beratung\/#\/schema\/person\/d100e510f3cf28716be4c4a29aa85561"},"headline":"Check-list premier logement","datePublished":"2022-03-31T14:03:12+00:00","dateModified":"2022-07-04T05:47:06+00:00","mainEntityOfPage":{"@id":"https:\/\/www.moveagain.ch\/beratung\/fr\/check-list-premier-logement\/"},"wordCount":1022,"publisher":{"@id":"https:\/\/www.moveagain.ch\/beratung\/#organization"},"image":{"@id":"https:\/\/www.moveagain.ch\/beratung\/fr\/check-list-premier-logement\/#primaryimage"},"thumbnailUrl":"https:\/\/www.moveagain.ch\/beratung\/wp-content\/uploads\/2021\/02\/Depositphotos_190880050_l-2015.jpg","articleSection":["Checklist"],"inLanguage":"fr-FR"},{"@type":"WebPage","@id":"https:\/\/www.moveagain.ch\/beratung\/fr\/check-list-premier-logement\/","url":"https:\/\/www.moveagain.ch\/beratung\/fr\/check-list-premier-logement\/","name":"Check-list premier logement - MoveAgain","isPartOf":{"@id":"https:\/\/www.moveagain.ch\/beratung\/#website"},"primaryImageOfPage":{"@id":"https:\/\/www.moveagain.ch\/beratung\/fr\/check-list-premier-logement\/#primaryimage"},"image":{"@id":"https:\/\/www.moveagain.ch\/beratung\/fr\/check-list-premier-logement\/#primaryimage"},"thumbnailUrl":"https:\/\/www.moveagain.ch\/beratung\/wp-content\/uploads\/2021\/02\/Depositphotos_190880050_l-2015.jpg","datePublished":"2022-03-31T14:03:12+00:00","dateModified":"2022-07-04T05:47:06+00:00","description":"D\u00e9couvre les check-lists pour ton premier logement et d\u00e9m\u00e9nage en toute s\u00e9r\u00e9nit\u00e9 gr\u00e2ce \u00e0 MoveAgain !","breadcrumb":{"@id":"https:\/\/www.moveagain.ch\/beratung\/fr\/check-list-premier-logement\/#breadcrumb"},"inLanguage":"fr-FR","potentialAction":[{"@type":"ReadAction","target":["https:\/\/www.moveagain.ch\/beratung\/fr\/check-list-premier-logement\/"]}]},{"@type":"ImageObject","inLanguage":"fr-FR","@id":"https:\/\/www.moveagain.ch\/beratung\/fr\/check-list-premier-logement\/#primaryimage","url":"https:\/\/www.moveagain.ch\/beratung\/wp-content\/uploads\/2021\/02\/Depositphotos_190880050_l-2015.jpg","contentUrl":"https:\/\/www.moveagain.ch\/beratung\/wp-content\/uploads\/2021\/02\/Depositphotos_190880050_l-2015.jpg","width":1534,"height":1024,"caption":"cartons empil\u00e9s avec plante"},{"@type":"BreadcrumbList","@id":"https:\/\/www.moveagain.ch\/beratung\/fr\/check-list-premier-logement\/#breadcrumb","itemListElement":[{"@type":"ListItem","position":1,"name":"Home","item":"https:\/\/www.moveagain.ch\/beratung\/"},{"@type":"ListItem","position":2,"name":"Check-list premier logement"}]},{"@type":"WebSite","@id":"https:\/\/www.moveagain.ch\/beratung\/#website","url":"https:\/\/www.moveagain.ch\/beratung\/","name":"MoveAgain","description":"Ihre sichere Adresse f\u00fcr Umz\u00fcge in der ganzen Schweiz","publisher":{"@id":"https:\/\/www.moveagain.ch\/beratung\/#organization"},"potentialAction":[{"@type":"SearchAction","target":{"@type":"EntryPoint","urlTemplate":"https:\/\/www.moveagain.ch\/beratung\/?s={search_term_string}"},"query-input":{"@type":"PropertyValueSpecification","valueRequired":true,"valueName":"search_term_string"}}],"inLanguage":"fr-FR"},{"@type":"Organization","@id":"https:\/\/www.moveagain.ch\/beratung\/#organization","name":"Moveagain","url":"https:\/\/www.moveagain.ch\/beratung\/","logo":{"@type":"ImageObject","inLanguage":"fr-FR","@id":"https:\/\/www.moveagain.ch\/beratung\/#\/schema\/logo\/image\/","url":"https:\/\/www.moveagain.ch\/beratung\/wp-content\/uploads\/2018\/09\/logo-v2.png","contentUrl":"https:\/\/www.moveagain.ch\/beratung\/wp-content\/uploads\/2018\/09\/logo-v2.png","width":1457,"height":309,"caption":"Moveagain"},"image":{"@id":"https:\/\/www.moveagain.ch\/beratung\/#\/schema\/logo\/image\/"}},{"@type":"Person","@id":"https:\/\/www.moveagain.ch\/beratung\/#\/schema\/person\/d100e510f3cf28716be4c4a29aa85561","name":"Julia Halouska","image":{"@type":"ImageObject","inLanguage":"fr-FR","@id":"https:\/\/www.moveagain.ch\/beratung\/#\/schema\/person\/image\/","url":"https:\/\/secure.gravatar.com\/avatar\/e38383b54b7dfc5f710e82dfb270fe5e?s=96&d=mm&r=g","contentUrl":"https:\/\/secure.gravatar.com\/avatar\/e38383b54b7dfc5f710e82dfb270fe5e?s=96&d=mm&r=g","caption":"Julia Halouska"},"url":"https:\/\/www.moveagain.ch\/beratung\/fr\/author\/julia-halouska\/"}]}},"_links":{"self":[{"href":"https:\/\/www.moveagain.ch\/beratung\/fr\/wp-json\/wp\/v2\/posts\/2636"}],"collection":[{"href":"https:\/\/www.moveagain.ch\/beratung\/fr\/wp-json\/wp\/v2\/posts"}],"about":[{"href":"https:\/\/www.moveagain.ch\/beratung\/fr\/wp-json\/wp\/v2\/types\/post"}],"author":[{"embeddable":true,"href":"https:\/\/www.moveagain.ch\/beratung\/fr\/wp-json\/wp\/v2\/users\/7"}],"replies":[{"embeddable":true,"href":"https:\/\/www.moveagain.ch\/beratung\/fr\/wp-json\/wp\/v2\/comments?post=2636"}],"version-history":[{"count":9,"href":"https:\/\/www.moveagain.ch\/beratung\/fr\/wp-json\/wp\/v2\/posts\/2636\/revisions"}],"predecessor-version":[{"id":3192,"href":"https:\/\/www.moveagain.ch\/beratung\/fr\/wp-json\/wp\/v2\/posts\/2636\/revisions\/3192"}],"wp:featuredmedia":[{"embeddable":true,"href":"https:\/\/www.moveagain.ch\/beratung\/fr\/wp-json\/wp\/v2\/media\/1219"}],"wp:attachment":[{"href":"https:\/\/www.moveagain.ch\/beratung\/fr\/wp-json\/wp\/v2\/media?parent=2636"}],"wp:term":[{"taxonomy":"category","embeddable":true,"href":"https:\/\/www.moveagain.ch\/beratung\/fr\/wp-json\/wp\/v2\/categories?post=2636"},{"taxonomy":"post_tag","embeddable":true,"href":"https:\/\/www.moveagain.ch\/beratung\/fr\/wp-json\/wp\/v2\/tags?post=2636"}],"curies":[{"name":"wp","href":"https:\/\/api.w.org\/{rel}","templated":true}]}}