{"id":2770,"date":"2022-04-12T13:28:58","date_gmt":"2022-04-12T13:28:58","guid":{"rendered":"https:\/\/www.moveagain.ch\/beratung\/etat-des-lieux-repeindre-son-logement-avant-le-demenagement\/"},"modified":"2024-09-06T13:46:02","modified_gmt":"2024-09-06T13:46:02","slug":"repeindre-son-logement-avant-le-demenagement","status":"publish","type":"post","link":"https:\/\/www.moveagain.ch\/beratung\/fr\/repeindre-son-logement-avant-le-demenagement\/","title":{"rendered":"\u00c9tat des lieux : Repeindre son logement avant le d\u00e9m\u00e9nagement"},"content":{"rendered":"\n<p>Lorsque l&rsquo;on emm\u00e9nage dans un nouveau logement, il est souvent n\u00e9cessaire de remettre l&rsquo;ancien en \u00e9tat avant que le propri\u00e9taire n&rsquo;accepte de le c\u00e9der. En effet, dans tout contrat de location est stipul\u00e9 que l\u2019appartement ou la maison doit \u00eatre rendu dans le m\u00eame \u00e9tat que lors de votre entr\u00e9e dans les lieux. C\u2019est la condition sin\u00e9quanone si vous souhaitez r\u00e9cup\u00e9rer votre d\u00e9p\u00f4t de garantie. MoveAgain vous explique comment faire pour un \u00e9tat des lieux de sortie en toute s\u00e9r\u00e9nit\u00e9. <\/p>\n\n\n\n<p><a href=\"#mes-obligations\">1. Quelles sont mes obligations ? <\/a><br><a href=\"#reparations-locatives\">2. Puis-je effectuer les r\u00e9parations locatives moi-m\u00eame ? <br><\/a><a href=\"#appel-a-professionnel\">3. Faire appel \u00e0 un professionnel <\/a><\/p>\n\n\n\n<h2 class=\"wp-block-heading\" id=\"mes-obligations\">1. Quelles sont mes obligations ?<\/h2>\n\n\n\n<p>Avant de vous lancer, vous devez v\u00e9rifier soigneusement votre contrat de location et n&rsquo;effectuer que les travaux qui sont explicitement requis. Si le bail exige une remise en \u00e9tat du logement, il peut prendre en consid\u00e9ration l\u2019usure. M\u00eame si nous vous conseillons de  partir du principe que l&rsquo;appartement doit \u00eatre remis dans l&rsquo;\u00e9tat dans lequel vous l&rsquo;avez trouv\u00e9 au d\u00e9part, n\u2019h\u00e9sitez pas \u00e0 vous rapprocher de votre propri\u00e9taire pour savoir exactement ce qu\u2019il en est. Si les d\u00e9gradations sont dues \u00e0 la v\u00e9tust\u00e9 du logement, les travaux ne seront pas \u00e0 la charge du locataire mais \u00e0 celle du propri\u00e9taire. En revanche, les d\u00e9gradations du type trou dans les murs, ou le jaunissement d\u00fb au tabac sont elles \u00e0 la charge du locataire.<\/p>\n\n\n\n<h2 class=\"wp-block-heading\" id=\"reparations-locatives\">2. Puis-je effectuer les r\u00e9parations locatives moi-m\u00eame ?<\/h2>\n\n\n\n<p>Cela d\u00e9pend r\u00e9ellement de l\u2019\u00e9tat de vos murs : la peinture est-elle abim\u00e9e, salie ? Les murs sont-ils perc\u00e9s ? Pour exemple, si vous apercevez seulement quelques taches minimes, un coup d\u2019\u00e9ponge magique peut suffire ! \r\nEn revanche, si vous avez perc\u00e9 les murs il faudra dans ce cas combler les trous puis repeindre par-dessus. \r\nM\u00eame sans trou, la peinture peut \u00eatre abim\u00e9e : la lumi\u00e8re du soleil a tendance \u00e0 faire p\u00e2lir la peinture au fil du temps. La peinture blanche peut \u00e9galement se d\u00e9colorer et devenir de plus en plus grise ou au contraire jaunir. \r\nLa difficult\u00e9 est qu\u2019il est presque impossible de repeindre seulement qu\u2019une petite partie du mur. Il faut g\u00e9n\u00e9ralement repeindre le mur en entier au risque que cela ne se voit. Dans ce cas, mieux vaut \u00eatre plut\u00f4t bricoleur. Il n\u2019est pas ais\u00e9 de peindre sans traces et vous ne souhaitez s\u00fbrement pas perdre votre temps. N\u2019h\u00e9sitez pas \u00e0 demander de l\u2019aide \u00e0 votre entourage : vous connaissez peut-\u00eatre sans le savoir quelqu\u2019un de comp\u00e9tent en la mati\u00e8re et une nouvelle paire de bras n\u2019est pas de refus ! \r\n<\/p>\n\n\n\n<h2 class=\"wp-block-heading\" id=\"appel-a-professionnel\">3. Faire appel \u00e0 un professionnel <\/h2>\n\n\n\n<p>Si vous n\u2019\u00eates pas certain de vous en sortir seul, mieux vaut faire appel \u00e0 l\u2019aide d\u2019un professionnel. N\u2019oubliez pas que lors de la fin du bail, votre propri\u00e9taire peut \u00eatre tr\u00e8s exigeant et votre caution est en jeu.  <\/p>\n\n\n\n<h3 class=\"wp-block-heading\">Quels sont les tarifs d\u2019un peintre professionnel ? <\/h3>\n\n\n\n<p>En principe, il faut compter environ 1020 CHF pour peindre un ancien appartement de location (environ 30 m\u00e8tres carr\u00e9s). Toutefois, les co\u00fbts peuvent varier. Le prix de ces travaux de peinture d\u00e9pend de diff\u00e9rents facteurs :  <\/p>\n\n\n\n<ul class=\"wp-block-list\"><li>Le salaire horaire du peintre<\/li><li>L&rsquo;\u00e9tat des murs de votre ancien appartement de location<\/li><li>La couleur souhait\u00e9e (g\u00e9n\u00e9ralement le blanc est le plus favorable)<\/li><li>Le nombre de couches n\u00e9cessaires pour \u00e9liminer toutes les imperfections<\/li><li>Les d\u00e9penses suppl\u00e9mentaires du peintre (d\u00e9placement, masquage, pl\u00e2trage, etc.).<\/li><\/ul>\n\n\n\n<p>Lors d\u2019un d\u00e9m\u00e9nagement, les travaux de peinture peuvent \u00eatre plus importants que ce que l\u2019on avait estim\u00e9 au d\u00e9part. Vous devriez \u00e9galement jeter un coup d&rsquo;\u0153il derri\u00e8re et sous vos meubles, car ils peuvent avoir laiss\u00e9 des rayures lors de l\u2019emm\u00e9nagement.&nbsp;<br>Aussi, n\u2019h\u00e9sitez pas \u00e0 \u00e9tablir plusieurs devis aupr\u00e8s de diff\u00e9rentes entreprises afin de comparer les tarifs.&nbsp;<\/p>\n\n\n\n<p>Pour vos travaux de r\u00e9parations locatives, n\u2019h\u00e9sitez pas \u00e0 faire appel \u00e0 notre partenaire&nbsp;<a href=\"https:\/\/www.buildigo.ch\/fr\">Buildigo<\/a>&nbsp;: peinture, sol, chauffage, \u00e9lectricit\u00e9\u2026&nbsp;<a href=\"https:\/\/www.buildigo.ch\/fr\">Buildigo<\/a>&nbsp;a la solution. Assurez-vous une remise des cl\u00e9s en toute s\u00e9r\u00e9nit\u00e9&nbsp;et \u00e9vitez le litige en effectuant vos travaux de r\u00e9paration correctement !&nbsp;<\/p>\n","protected":false},"excerpt":{"rendered":"<p>Lorsque l&rsquo;on emm\u00e9nage dans un nouveau logement, il est souvent n\u00e9cessaire de remettre l&rsquo;ancien en \u00e9tat avant que le propri\u00e9taire n&rsquo;accepte de le c\u00e9der. En effet, dans tout contrat de location est stipul\u00e9 que l\u2019appartement ou la maison doit \u00eatre rendu dans le m\u00eame \u00e9tat que lors de votre entr\u00e9e dans les lieux. C\u2019est la [&hellip;]<\/p>\n","protected":false},"author":13,"featured_media":2244,"comment_status":"closed","ping_status":"closed","sticky":false,"template":"","format":"standard","meta":{"footnotes":""},"categories":[42],"tags":[],"class_list":["post-2770","post","type-post","status-publish","format-standard","has-post-thumbnail","hentry","category-demenagement"],"yoast_head":"<!-- This site is optimized with the Yoast SEO plugin v23.4 - https:\/\/yoast.com\/wordpress\/plugins\/seo\/ -->\n<title>\u00c9tat des lieux - Repeindre son logement avant d\u00e9m\u00e9nagement<\/title>\n<meta name=\"description\" content=\"\u00c9tat des lieux de sortie - Repeindre son logement avant le d\u00e9m\u00e9nagement. D\u00e9couvrez les meilleurs conseils MoveAgain.\" \/>\n<meta name=\"robots\" content=\"index, follow, max-snippet:-1, max-image-preview:large, max-video-preview:-1\" \/>\n<link rel=\"canonical\" href=\"https:\/\/www.moveagain.ch\/beratung\/fr\/repeindre-son-logement-avant-le-demenagement\/\" \/>\n<meta property=\"og:locale\" content=\"fr_FR\" \/>\n<meta property=\"og:type\" content=\"article\" \/>\n<meta property=\"og:title\" content=\"\u00c9tat des lieux - Repeindre son logement avant d\u00e9m\u00e9nagement\" \/>\n<meta property=\"og:description\" content=\"\u00c9tat des lieux de sortie - Repeindre son logement avant le d\u00e9m\u00e9nagement. D\u00e9couvrez les meilleurs conseils MoveAgain.\" \/>\n<meta property=\"og:url\" content=\"https:\/\/www.moveagain.ch\/beratung\/fr\/repeindre-son-logement-avant-le-demenagement\/\" \/>\n<meta property=\"og:site_name\" content=\"MoveAgain\" \/>\n<meta property=\"article:published_time\" content=\"2022-04-12T13:28:58+00:00\" \/>\n<meta property=\"article:modified_time\" content=\"2024-09-06T13:46:02+00:00\" \/>\n<meta property=\"og:image\" content=\"https:\/\/www.moveagain.ch\/beratung\/wp-content\/uploads\/2020\/01\/Malerarbeiten-beim-Umzug-2.jpg\" \/>\n\t<meta property=\"og:image:width\" content=\"896\" \/>\n\t<meta property=\"og:image:height\" content=\"597\" \/>\n\t<meta property=\"og:image:type\" content=\"image\/jpeg\" \/>\n<meta name=\"author\" content=\"Mladjan Filipovic\" \/>\n<meta name=\"twitter:card\" content=\"summary_large_image\" \/>\n<meta name=\"twitter:label1\" content=\"\u00c9crit par\" \/>\n\t<meta name=\"twitter:data1\" content=\"Mladjan Filipovic\" \/>\n\t<meta name=\"twitter:label2\" content=\"Dur\u00e9e de lecture estim\u00e9e\" \/>\n\t<meta name=\"twitter:data2\" content=\"4 minutes\" \/>\n<script type=\"application\/ld+json\" class=\"yoast-schema-graph\">{\"@context\":\"https:\/\/schema.org\",\"@graph\":[{\"@type\":\"Article\",\"@id\":\"https:\/\/www.moveagain.ch\/beratung\/fr\/repeindre-son-logement-avant-le-demenagement\/#article\",\"isPartOf\":{\"@id\":\"https:\/\/www.moveagain.ch\/beratung\/fr\/repeindre-son-logement-avant-le-demenagement\/\"},\"author\":{\"name\":\"Mladjan Filipovic\",\"@id\":\"https:\/\/www.moveagain.ch\/beratung\/#\/schema\/person\/9832ee75956cacc6fc458e06135b8a4a\"},\"headline\":\"\u00c9tat des lieux : Repeindre son logement avant le d\u00e9m\u00e9nagement\",\"datePublished\":\"2022-04-12T13:28:58+00:00\",\"dateModified\":\"2024-09-06T13:46:02+00:00\",\"mainEntityOfPage\":{\"@id\":\"https:\/\/www.moveagain.ch\/beratung\/fr\/repeindre-son-logement-avant-le-demenagement\/\"},\"wordCount\":737,\"publisher\":{\"@id\":\"https:\/\/www.moveagain.ch\/beratung\/#organization\"},\"image\":{\"@id\":\"https:\/\/www.moveagain.ch\/beratung\/fr\/repeindre-son-logement-avant-le-demenagement\/#primaryimage\"},\"thumbnailUrl\":\"https:\/\/www.moveagain.ch\/beratung\/wp-content\/uploads\/2020\/01\/Malerarbeiten-beim-Umzug-2.jpg\",\"articleSection\":[\"D\u00e9m\u00e9nagement\"],\"inLanguage\":\"fr-FR\"},{\"@type\":\"WebPage\",\"@id\":\"https:\/\/www.moveagain.ch\/beratung\/fr\/repeindre-son-logement-avant-le-demenagement\/\",\"url\":\"https:\/\/www.moveagain.ch\/beratung\/fr\/repeindre-son-logement-avant-le-demenagement\/\",\"name\":\"\u00c9tat des lieux - Repeindre son logement avant d\u00e9m\u00e9nagement\",\"isPartOf\":{\"@id\":\"https:\/\/www.moveagain.ch\/beratung\/#website\"},\"primaryImageOfPage\":{\"@id\":\"https:\/\/www.moveagain.ch\/beratung\/fr\/repeindre-son-logement-avant-le-demenagement\/#primaryimage\"},\"image\":{\"@id\":\"https:\/\/www.moveagain.ch\/beratung\/fr\/repeindre-son-logement-avant-le-demenagement\/#primaryimage\"},\"thumbnailUrl\":\"https:\/\/www.moveagain.ch\/beratung\/wp-content\/uploads\/2020\/01\/Malerarbeiten-beim-Umzug-2.jpg\",\"datePublished\":\"2022-04-12T13:28:58+00:00\",\"dateModified\":\"2024-09-06T13:46:02+00:00\",\"description\":\"\u00c9tat des lieux de sortie - Repeindre son logement avant le d\u00e9m\u00e9nagement. D\u00e9couvrez les meilleurs conseils MoveAgain.\",\"breadcrumb\":{\"@id\":\"https:\/\/www.moveagain.ch\/beratung\/fr\/repeindre-son-logement-avant-le-demenagement\/#breadcrumb\"},\"inLanguage\":\"fr-FR\",\"potentialAction\":[{\"@type\":\"ReadAction\",\"target\":[\"https:\/\/www.moveagain.ch\/beratung\/fr\/repeindre-son-logement-avant-le-demenagement\/\"]}]},{\"@type\":\"ImageObject\",\"inLanguage\":\"fr-FR\",\"@id\":\"https:\/\/www.moveagain.ch\/beratung\/fr\/repeindre-son-logement-avant-le-demenagement\/#primaryimage\",\"url\":\"https:\/\/www.moveagain.ch\/beratung\/wp-content\/uploads\/2020\/01\/Malerarbeiten-beim-Umzug-2.jpg\",\"contentUrl\":\"https:\/\/www.moveagain.ch\/beratung\/wp-content\/uploads\/2020\/01\/Malerarbeiten-beim-Umzug-2.jpg\",\"width\":896,\"height\":597,\"caption\":\"femme_peint_un_mur\"},{\"@type\":\"BreadcrumbList\",\"@id\":\"https:\/\/www.moveagain.ch\/beratung\/fr\/repeindre-son-logement-avant-le-demenagement\/#breadcrumb\",\"itemListElement\":[{\"@type\":\"ListItem\",\"position\":1,\"name\":\"Home\",\"item\":\"https:\/\/www.moveagain.ch\/beratung\/\"},{\"@type\":\"ListItem\",\"position\":2,\"name\":\"\u00c9tat des lieux : Repeindre son logement avant le d\u00e9m\u00e9nagement\"}]},{\"@type\":\"WebSite\",\"@id\":\"https:\/\/www.moveagain.ch\/beratung\/#website\",\"url\":\"https:\/\/www.moveagain.ch\/beratung\/\",\"name\":\"MoveAgain\",\"description\":\"Ihre sichere Adresse f\u00fcr Umz\u00fcge in der ganzen Schweiz\",\"publisher\":{\"@id\":\"https:\/\/www.moveagain.ch\/beratung\/#organization\"},\"potentialAction\":[{\"@type\":\"SearchAction\",\"target\":{\"@type\":\"EntryPoint\",\"urlTemplate\":\"https:\/\/www.moveagain.ch\/beratung\/?s={search_term_string}\"},\"query-input\":{\"@type\":\"PropertyValueSpecification\",\"valueRequired\":true,\"valueName\":\"search_term_string\"}}],\"inLanguage\":\"fr-FR\"},{\"@type\":\"Organization\",\"@id\":\"https:\/\/www.moveagain.ch\/beratung\/#organization\",\"name\":\"Moveagain\",\"url\":\"https:\/\/www.moveagain.ch\/beratung\/\",\"logo\":{\"@type\":\"ImageObject\",\"inLanguage\":\"fr-FR\",\"@id\":\"https:\/\/www.moveagain.ch\/beratung\/#\/schema\/logo\/image\/\",\"url\":\"https:\/\/www.moveagain.ch\/beratung\/wp-content\/uploads\/2018\/09\/logo-v2.png\",\"contentUrl\":\"https:\/\/www.moveagain.ch\/beratung\/wp-content\/uploads\/2018\/09\/logo-v2.png\",\"width\":1457,\"height\":309,\"caption\":\"Moveagain\"},\"image\":{\"@id\":\"https:\/\/www.moveagain.ch\/beratung\/#\/schema\/logo\/image\/\"}},{\"@type\":\"Person\",\"@id\":\"https:\/\/www.moveagain.ch\/beratung\/#\/schema\/person\/9832ee75956cacc6fc458e06135b8a4a\",\"name\":\"Mladjan Filipovic\",\"image\":{\"@type\":\"ImageObject\",\"inLanguage\":\"fr-FR\",\"@id\":\"https:\/\/www.moveagain.ch\/beratung\/#\/schema\/person\/image\/\",\"url\":\"https:\/\/secure.gravatar.com\/avatar\/dcdfd8125f4cd34dc85bc40d687d1f74?s=96&d=mm&r=g\",\"contentUrl\":\"https:\/\/secure.gravatar.com\/avatar\/dcdfd8125f4cd34dc85bc40d687d1f74?s=96&d=mm&r=g\",\"caption\":\"Mladjan Filipovic\"},\"url\":\"https:\/\/www.moveagain.ch\/beratung\/fr\/author\/mladjan\/\"}]}<\/script>\n<!-- \/ Yoast SEO plugin. -->","yoast_head_json":{"title":"\u00c9tat des lieux - Repeindre son logement avant d\u00e9m\u00e9nagement","description":"\u00c9tat des lieux de sortie - Repeindre son logement avant le d\u00e9m\u00e9nagement. D\u00e9couvrez les meilleurs conseils MoveAgain.","robots":{"index":"index","follow":"follow","max-snippet":"max-snippet:-1","max-image-preview":"max-image-preview:large","max-video-preview":"max-video-preview:-1"},"canonical":"https:\/\/www.moveagain.ch\/beratung\/fr\/repeindre-son-logement-avant-le-demenagement\/","og_locale":"fr_FR","og_type":"article","og_title":"\u00c9tat des lieux - Repeindre son logement avant d\u00e9m\u00e9nagement","og_description":"\u00c9tat des lieux de sortie - Repeindre son logement avant le d\u00e9m\u00e9nagement. D\u00e9couvrez les meilleurs conseils MoveAgain.","og_url":"https:\/\/www.moveagain.ch\/beratung\/fr\/repeindre-son-logement-avant-le-demenagement\/","og_site_name":"MoveAgain","article_published_time":"2022-04-12T13:28:58+00:00","article_modified_time":"2024-09-06T13:46:02+00:00","og_image":[{"width":896,"height":597,"url":"https:\/\/www.moveagain.ch\/beratung\/wp-content\/uploads\/2020\/01\/Malerarbeiten-beim-Umzug-2.jpg","type":"image\/jpeg"}],"author":"Mladjan Filipovic","twitter_card":"summary_large_image","twitter_misc":{"\u00c9crit par":"Mladjan Filipovic","Dur\u00e9e de lecture estim\u00e9e":"4 minutes"},"schema":{"@context":"https:\/\/schema.org","@graph":[{"@type":"Article","@id":"https:\/\/www.moveagain.ch\/beratung\/fr\/repeindre-son-logement-avant-le-demenagement\/#article","isPartOf":{"@id":"https:\/\/www.moveagain.ch\/beratung\/fr\/repeindre-son-logement-avant-le-demenagement\/"},"author":{"name":"Mladjan Filipovic","@id":"https:\/\/www.moveagain.ch\/beratung\/#\/schema\/person\/9832ee75956cacc6fc458e06135b8a4a"},"headline":"\u00c9tat des lieux : Repeindre son logement avant le d\u00e9m\u00e9nagement","datePublished":"2022-04-12T13:28:58+00:00","dateModified":"2024-09-06T13:46:02+00:00","mainEntityOfPage":{"@id":"https:\/\/www.moveagain.ch\/beratung\/fr\/repeindre-son-logement-avant-le-demenagement\/"},"wordCount":737,"publisher":{"@id":"https:\/\/www.moveagain.ch\/beratung\/#organization"},"image":{"@id":"https:\/\/www.moveagain.ch\/beratung\/fr\/repeindre-son-logement-avant-le-demenagement\/#primaryimage"},"thumbnailUrl":"https:\/\/www.moveagain.ch\/beratung\/wp-content\/uploads\/2020\/01\/Malerarbeiten-beim-Umzug-2.jpg","articleSection":["D\u00e9m\u00e9nagement"],"inLanguage":"fr-FR"},{"@type":"WebPage","@id":"https:\/\/www.moveagain.ch\/beratung\/fr\/repeindre-son-logement-avant-le-demenagement\/","url":"https:\/\/www.moveagain.ch\/beratung\/fr\/repeindre-son-logement-avant-le-demenagement\/","name":"\u00c9tat des lieux - Repeindre son logement avant d\u00e9m\u00e9nagement","isPartOf":{"@id":"https:\/\/www.moveagain.ch\/beratung\/#website"},"primaryImageOfPage":{"@id":"https:\/\/www.moveagain.ch\/beratung\/fr\/repeindre-son-logement-avant-le-demenagement\/#primaryimage"},"image":{"@id":"https:\/\/www.moveagain.ch\/beratung\/fr\/repeindre-son-logement-avant-le-demenagement\/#primaryimage"},"thumbnailUrl":"https:\/\/www.moveagain.ch\/beratung\/wp-content\/uploads\/2020\/01\/Malerarbeiten-beim-Umzug-2.jpg","datePublished":"2022-04-12T13:28:58+00:00","dateModified":"2024-09-06T13:46:02+00:00","description":"\u00c9tat des lieux de sortie - Repeindre son logement avant le d\u00e9m\u00e9nagement. D\u00e9couvrez les meilleurs conseils MoveAgain.","breadcrumb":{"@id":"https:\/\/www.moveagain.ch\/beratung\/fr\/repeindre-son-logement-avant-le-demenagement\/#breadcrumb"},"inLanguage":"fr-FR","potentialAction":[{"@type":"ReadAction","target":["https:\/\/www.moveagain.ch\/beratung\/fr\/repeindre-son-logement-avant-le-demenagement\/"]}]},{"@type":"ImageObject","inLanguage":"fr-FR","@id":"https:\/\/www.moveagain.ch\/beratung\/fr\/repeindre-son-logement-avant-le-demenagement\/#primaryimage","url":"https:\/\/www.moveagain.ch\/beratung\/wp-content\/uploads\/2020\/01\/Malerarbeiten-beim-Umzug-2.jpg","contentUrl":"https:\/\/www.moveagain.ch\/beratung\/wp-content\/uploads\/2020\/01\/Malerarbeiten-beim-Umzug-2.jpg","width":896,"height":597,"caption":"femme_peint_un_mur"},{"@type":"BreadcrumbList","@id":"https:\/\/www.moveagain.ch\/beratung\/fr\/repeindre-son-logement-avant-le-demenagement\/#breadcrumb","itemListElement":[{"@type":"ListItem","position":1,"name":"Home","item":"https:\/\/www.moveagain.ch\/beratung\/"},{"@type":"ListItem","position":2,"name":"\u00c9tat des lieux : Repeindre son logement avant le d\u00e9m\u00e9nagement"}]},{"@type":"WebSite","@id":"https:\/\/www.moveagain.ch\/beratung\/#website","url":"https:\/\/www.moveagain.ch\/beratung\/","name":"MoveAgain","description":"Ihre sichere Adresse f\u00fcr Umz\u00fcge in der ganzen Schweiz","publisher":{"@id":"https:\/\/www.moveagain.ch\/beratung\/#organization"},"potentialAction":[{"@type":"SearchAction","target":{"@type":"EntryPoint","urlTemplate":"https:\/\/www.moveagain.ch\/beratung\/?s={search_term_string}"},"query-input":{"@type":"PropertyValueSpecification","valueRequired":true,"valueName":"search_term_string"}}],"inLanguage":"fr-FR"},{"@type":"Organization","@id":"https:\/\/www.moveagain.ch\/beratung\/#organization","name":"Moveagain","url":"https:\/\/www.moveagain.ch\/beratung\/","logo":{"@type":"ImageObject","inLanguage":"fr-FR","@id":"https:\/\/www.moveagain.ch\/beratung\/#\/schema\/logo\/image\/","url":"https:\/\/www.moveagain.ch\/beratung\/wp-content\/uploads\/2018\/09\/logo-v2.png","contentUrl":"https:\/\/www.moveagain.ch\/beratung\/wp-content\/uploads\/2018\/09\/logo-v2.png","width":1457,"height":309,"caption":"Moveagain"},"image":{"@id":"https:\/\/www.moveagain.ch\/beratung\/#\/schema\/logo\/image\/"}},{"@type":"Person","@id":"https:\/\/www.moveagain.ch\/beratung\/#\/schema\/person\/9832ee75956cacc6fc458e06135b8a4a","name":"Mladjan Filipovic","image":{"@type":"ImageObject","inLanguage":"fr-FR","@id":"https:\/\/www.moveagain.ch\/beratung\/#\/schema\/person\/image\/","url":"https:\/\/secure.gravatar.com\/avatar\/dcdfd8125f4cd34dc85bc40d687d1f74?s=96&d=mm&r=g","contentUrl":"https:\/\/secure.gravatar.com\/avatar\/dcdfd8125f4cd34dc85bc40d687d1f74?s=96&d=mm&r=g","caption":"Mladjan Filipovic"},"url":"https:\/\/www.moveagain.ch\/beratung\/fr\/author\/mladjan\/"}]}},"_links":{"self":[{"href":"https:\/\/www.moveagain.ch\/beratung\/fr\/wp-json\/wp\/v2\/posts\/2770"}],"collection":[{"href":"https:\/\/www.moveagain.ch\/beratung\/fr\/wp-json\/wp\/v2\/posts"}],"about":[{"href":"https:\/\/www.moveagain.ch\/beratung\/fr\/wp-json\/wp\/v2\/types\/post"}],"author":[{"embeddable":true,"href":"https:\/\/www.moveagain.ch\/beratung\/fr\/wp-json\/wp\/v2\/users\/13"}],"replies":[{"embeddable":true,"href":"https:\/\/www.moveagain.ch\/beratung\/fr\/wp-json\/wp\/v2\/comments?post=2770"}],"version-history":[{"count":2,"href":"https:\/\/www.moveagain.ch\/beratung\/fr\/wp-json\/wp\/v2\/posts\/2770\/revisions"}],"predecessor-version":[{"id":2773,"href":"https:\/\/www.moveagain.ch\/beratung\/fr\/wp-json\/wp\/v2\/posts\/2770\/revisions\/2773"}],"wp:featuredmedia":[{"embeddable":true,"href":"https:\/\/www.moveagain.ch\/beratung\/fr\/wp-json\/wp\/v2\/media\/2244"}],"wp:attachment":[{"href":"https:\/\/www.moveagain.ch\/beratung\/fr\/wp-json\/wp\/v2\/media?parent=2770"}],"wp:term":[{"taxonomy":"category","embeddable":true,"href":"https:\/\/www.moveagain.ch\/beratung\/fr\/wp-json\/wp\/v2\/categories?post=2770"},{"taxonomy":"post_tag","embeddable":true,"href":"https:\/\/www.moveagain.ch\/beratung\/fr\/wp-json\/wp\/v2\/tags?post=2770"}],"curies":[{"name":"wp","href":"https:\/\/api.w.org\/{rel}","templated":true}]}}