{"id":2974,"date":"2022-05-04T13:51:05","date_gmt":"2022-05-04T13:51:05","guid":{"rendered":"https:\/\/www.moveagain.ch\/beratung\/conge-special-demenagement\/"},"modified":"2024-09-06T13:44:08","modified_gmt":"2024-09-06T13:44:08","slug":"conge-special-demenagement","status":"publish","type":"post","link":"https:\/\/www.moveagain.ch\/beratung\/fr\/conge-special-demenagement\/","title":{"rendered":"Cong\u00e9 sp\u00e9cial d\u00e9m\u00e9nagement"},"content":{"rendered":"\n<p>Un d\u00e9m\u00e9nagement demande du temps et de l\u2019organisation. Tri, emballage des cartons, r\u00e9servation de l\u2019entreprise de d\u00e9m\u00e9nagement, changement d\u2019adresse et autres d\u00e9marches administratives, nettoyage de remise, \u00e9tat des lieux\u2026 Comment s\u2019y retrouver lorsqu\u2019en plus de toutes ces t\u00e2ches, vous devez \u00e9galement g\u00e9rer votre vie professionnelle&nbsp;? Pour d\u00e9m\u00e9nager en toute s\u00e9r\u00e9nit\u00e9, nous vous recommandons d\u2019obtenir un jour de cong\u00e9 sp\u00e9cial aupr\u00e8s de votre employeur. D\u00e9couvrez tous nos conseils pour \u00eatre s\u00fbr que votre demande soit accept\u00e9e, et comment optimiser cette journ\u00e9e&nbsp;pour d\u00e9m\u00e9nager dans les meilleures conditions.<\/p>\n\n\n\n<ol class=\"wp-block-list\"><li><a href=\"#conge-special-demenagement\">Cong\u00e9 sp\u00e9cial d\u00e9m\u00e9nagement \u2013 quels sont mes droits\u00a0?<\/a><\/li><li><a href=\"#pas-de-droits-specifiques\">Je n\u2019ai pas de droits sp\u00e9cifiques \u2013 Comment faire\u00a0?<\/a><\/li><li><a href=\"#mon-cong\u00e9-special\">Mon cong\u00e9 sp\u00e9cial est accord\u00e9 \u2013 quel jour choisir\u00a0?<\/a><\/li><li><a href=\"#comment-optimiser-mon-conge\">Comment optimiser mon cong\u00e9 de d\u00e9m\u00e9nagement\u00a0? <\/a><\/li><li><a href=\"#reserver-votre-entreprise-de-demenagement\">R\u00e9server votre entreprise de d\u00e9m\u00e9nagement avec MoveAgain<\/a><\/li><\/ol>\n\n\n\n<h2 class=\"wp-block-heading\" id=\"conge-special-demenagement\">1. <span style=\"color: rgb(35, 40, 45); font-size: 1.3em; font-weight: 600;\">Cong\u00e9 sp\u00e9cial d\u00e9m\u00e9nagement \u2013 quels sont mes droits\u00a0?<\/span> <\/h2>\n\n\n\n<p>Le droit du travail pr\u00e9voit que l\u2019employeur autorise du temps n\u00e9cessaire \u00e0 son employ\u00e9 (durant les heures de travail) pour des \u00ab&nbsp;<a href=\"https:\/\/www.seco.admin.ch\/seco\/fr\/home\/Arbeit\/Personenfreizugigkeit_Arbeitsbeziehungen\/Arbeitsrecht\/FAQ_zum_privaten_Arbeitsrecht\/freizeit-und-feiertage.html\">\u00e9v\u00e8nements particuliers&nbsp;<\/a>\u00bb dont le d\u00e9m\u00e9nagement.\r\nIl n\u2019existe pas de r\u00e8gle plus sp\u00e9cifique que celle-ci et commune \u00e0 toute la Suisse en mati\u00e8re de cong\u00e9 sp\u00e9cial d\u00e9m\u00e9nagement. Il en va du bon vouloir de votre entreprise. Toutefois, avant m\u00eame d\u2019effectuer votre demande aupr\u00e8s de votre employeur, consultez votre contrat de travail. Il n\u2019est pas impossible que des jours sp\u00e9cifiques soient accord\u00e9s pour votre d\u00e9m\u00e9nagement au sein de votre convention collective.\r\n\r\n&nbsp;\r\n\r\nPour exemple&nbsp;: dans le canton de Gen\u00e8ve, ce sont deux jours pour une p\u00e9riode de 12 mois qui sont autoris\u00e9s par la loi g\u00e9n\u00e9rale si vous travaillez au sein de l\u2019administration, du pouvoir judiciaire ou d\u2019un \u00e9tablissement m\u00e9dical.\r\n\r\n&nbsp;\r\n\r\nDe plus, dans certains cas comme par exemple pour une personne seule avec enfant(s), un conge sp\u00e9cifique peut \u00e9galement \u00eatre accord\u00e9. Prenez donc le temps de consulter vos droits avant de vous lancer.<\/p>\n\n\n\n<div class=\"wp-block-button aligncenter\"><a class=\"wp-block-button__link has-text-color has-background\" href=\"https:\/\/www.moveagain.ch\/fr\/umzug-starten\" style=\"background-color:#36a96b;color:#f2f7f4\">Calculer le co\u00fbt de votre d\u00e9m\u00e9nagement <\/a><\/div>\n\n\n\n<h2 class=\"wp-block-heading\" id=\"pas-de-droits-specifiques\">2. Je n\u2019ai pas de droits sp\u00e9cifiques \u2013 Comment faire ?<\/h2>\n\n\n\n<p>Si apr\u00e8s recherche, aucun cong\u00e9 ne semble vous \u00eatre accord\u00e9 l\u00e9galement, rien de grave. Sachez que dans la grande majorit\u00e9 des cas, la plupart des employeurs font preuve de compr\u00e9hension et accordent un ou plusieurs jours de cong\u00e9 pour d\u00e9m\u00e9nage \u00e0 leurs employ\u00e9s. De plus, si votre d\u00e9m\u00e9nagement est li\u00e9 \u00e0 une mutation, votre employeur ne devrait bien \u00e9videmment pas s\u2019y opposer.  <br>C\u2019est g\u00e9n\u00e9ralement un jour de cong\u00e9 pay\u00e9 qui est accord\u00e9 lors d\u2019un d\u00e9m\u00e9nagement. Lorsque votre changement de domicile d\u00e9passe les fronti\u00e8res cantonales, cela peut passer \u00e0 deux jours. Bien entendu, il est toujours possible de convenir de jours suppl\u00e9mentaires avec l&#8217;employeur, mais ceux-ci sont commun\u00e9ment d\u00e9duits des jours de cong\u00e9. Lors de votre demande, veillez donc \u00e0 vous assurer quels types de jours de cong\u00e9s vous sont accord\u00e9s.   <\/p>\n\n\n\n<p>Par ailleurs, attention : en cas de contrat \u00e0 horaire variable ou de travail \u00e0 temps partiel, il peut \u00eatre plus difficile de faire valoir ce cong\u00e9 sp\u00e9cial d\u00e9m\u00e9nagement. Votre employeur pourrait exiger de r\u00e9gler vos affaires personnelles pendant votre temps libre, et donc en dehors des heures de travail. <\/p>\n\n\n\n<p>Pensez \u00e9galement \u00e0 pr\u00e9voir des documents justificatifs qui pourraient vous \u00eatre demand\u00e9s par votre employeur afin d\u2019attester de votre d\u00e9m\u00e9nagement. Cela peut-\u00eatre la copie du contrat avec votre entreprise de d\u00e9m\u00e9nagement ou encore votre nouveau contrat de location.  <\/p>\n\n\n\n<p>Vous pouvez trouver des informations suppl\u00e9mentaires sur le th\u00e8me des cong\u00e9s sp\u00e9ciaux sur <a href=\"#https:\/\/www.ch.ch\/fr\/\">le portail des citoyens<\/a> ou bien sur <a href=\"#https:\/\/www.weka.ch\/fr\/\">Weka<\/a>, sp\u00e9cialiste dans le droit du travail.  <\/p>\n\n\n\n<h2 class=\"wp-block-heading\" id=\"mon-cong\u00e9-special\">3. Mon cong\u00e9 sp\u00e9cial est accord\u00e9 \u2013 quel jour choisir&nbsp;?<\/h2>\n\n\n\n<p>Votre employeur vous a accord\u00e9 votre jour de cong\u00e9, il ne reste plus qu\u2019\u00e0 le choisir strat\u00e9giquement\u00a0! <\/p>\n\n\n\n<p>En effet, si vous d\u00e9m\u00e9nagez d\u2019un appartement \u00e0 un autre et que celui-ci n\u2019est pas tr\u00e8s grand, une journ\u00e9e devrait suffire. Nous vous conseillons donc d\u2019essayer d\u2019obtenir un jour en semaine entre le lundi et le jeudi. Ces jours sont moins demand\u00e9s que les week-ends pour les entreprises de d\u00e9m\u00e9nagement, vous pourrez donc trouver des tarifs int\u00e9ressants si vous souhaitez faire appel \u00e0 des d\u00e9m\u00e9nageurs professionnels. M\u00eame si vous pensez qu\u2019une journ\u00e9e n\u2019est pas suffisante, cela reste tout de m\u00eame une option \u00e9conomique. Vous pouvez par exemple d\u00e9cider de d\u00e9m\u00e9nager tous les gros meubles avec le camion de d\u00e9m\u00e9nagement sur cette journ\u00e9e, et revenir lors du week-end simplement pour r\u00e9aliser votre nettoyage de remise de bail. \u00a0 <\/p>\n\n\n\n<p>La seconde option (et certainement la plus populaire) est de choisir son cong\u00e9 le vendredi ou le lundi, afin de disposer de trois jours d\u2019affil\u00e9s pour d\u00e9m\u00e9nager. Si votre d\u00e9m\u00e9nagement prend du temps, c\u2019est effectivement l\u2019option la plus rationnelle. Les jours pr\u00e9c\u00e9dant ou suivant un jour f\u00e9ri\u00e9 sont \u00e9galement id\u00e9aux pour d\u00e9m\u00e9nager. Mais attention\u00a0: penser \u00e0 v\u00e9rifier en amont que votre soci\u00e9t\u00e9 de d\u00e9m\u00e9nagement soit bien disponible sur ces cr\u00e9neaux et que l\u2019autorit\u00e9 cantonale vous autorise \u00e0 d\u00e9m\u00e9nager les jours f\u00e9ri\u00e9s. Vous pourrez trouver tous nos conseils pour d\u00e9m\u00e9nager un dimanche ou un jour f\u00e9ri\u00e9 <a href=\"https:\/\/www.moveagain.ch\/beratung\/fr\/demenager-le-dimanche-ou-un-jour-ferie-est-ce-autorise\/\">ici<\/a>. D\u00e9m\u00e9nager le week-end ou un jour f\u00e9ri\u00e9 est aussi int\u00e9ressant car vous avez ainsi plus de chances de trouver des paires de bras pour vous aider\u00a0! Si vous n\u2019\u00eates pas autoris\u00e9 \u00e0 d\u00e9m\u00e9nager le jour souhait\u00e9, d\u00e9m\u00e9nager et occupez-vous du d\u00e9chargement la veille. Profitez ensuite du dimanche ou du jour f\u00e9ri\u00e9 pour d\u00e9baller vos cartons de d\u00e9m\u00e9nagement et agencer votre nouveau logement. \u00a0 <\/p>\n\n\n\n<p>Toutefois, que vous d\u00e9m\u00e9nagiez en semaine ou en week-end, entre particuliers ou \u00e0 l\u2019aide de d\u00e9m\u00e9nageurs professionnels, pensez \u00e0 planifier votre d\u00e9m\u00e9nagement \u00e0 l\u2019avance afin de convenir d\u2019une date qui vous convienne \u00e0 vous et \u00e0 vos assistants\u00a0!<\/p>\n\n\n\n<h2 class=\"wp-block-heading\" id=\"comment-optimiser-mon-conge\">4. Comment optimiser mon cong\u00e9 de d\u00e9m\u00e9nagement&nbsp;?<\/h2>\n\n\n\n<p>Maintenant que vous avez obtenu votre jour de cong\u00e9 sp\u00e9cial d\u00e9m\u00e9nagement, nous vous recommandons de le planifier en amont afin de tirer le meilleur parti de cette journ\u00e9e.&nbsp;&nbsp;<\/p>\n\n\n\n<p>Pour \u00eatre le plus efficace possible le jour du d\u00e9m\u00e9nagement, nous recommandons d\u2019\u00e9tablir \u00e0 l&rsquo;avance (de pr\u00e9f\u00e9rence par \u00e9crit) le d\u00e9roulement de la journ\u00e9e. M\u00eame si un d\u00e9m\u00e9nagement ne peut pas \u00eatre planifi\u00e9 \u00e0 la minute pr\u00e8s, fixez-vous des objectifs simples et r\u00e9alisables afin d\u2019y voir plus clair et de ne pas perdre le fil.&nbsp;&nbsp;<\/p>\n\n\n\n<p>La veille de votre d\u00e9m\u00e9nagement, tout doit \u00eatre pr\u00eat. Les cartons de d\u00e9m\u00e9nagement sont scotch\u00e9s et pr\u00eats \u00e0 \u00eatre charg\u00e9s \u00e0 l\u2019entr\u00e9e, les meubles sont d\u00e9mont\u00e9s, votre sac de collations est bien rempli et il ne vous reste qu\u2019\u00e0 emballer le minima. Si cela est possible, vous pouvez passer la nuit pr\u00e9c\u00e9dant votre d\u00e9m\u00e9nagement chez un ami. Cela vous permet de ne pas avoir de cartons de d\u00e9m\u00e9nagement \u00e0 emballer \u00e0 la derni\u00e8re minute.&nbsp;<\/p>\n\n\n\n<p>Pour vous aider avant, pendant, mais aussi apr\u00e8s votre emm\u00e9nagement nous avons \u00e9tabli des\u00a0<a href=\"https:\/\/www.moveagain.ch\/beratung\/fr\/check-list-de-demenagement\/\">checklists<\/a>\u00a0qui vous guideront pas \u00e0 pas dans votre projet de d\u00e9m\u00e9nagement.\u00a0<\/p>\n\n\n\n<h2 class=\"wp-block-heading\" id=\"reserver-votre-entreprise-de-demenagement\">5. R\u00e9server votre entreprise de d\u00e9m\u00e9nagement avec\u00a0<a href=\"https:\/\/www.moveagain.ch\/fr\">MoveAgain<\/a><\/h2>\n\n\n\n<p>Pour d\u00e9m\u00e9nager en toute s\u00e9r\u00e9nit\u00e9, pourquoi ne pas r\u00e9server une soci\u00e9t\u00e9 de d\u00e9m\u00e9nagement professionnelle&nbsp;? Avec la plateforme&nbsp;<a href=\"https:\/\/www.moveagain.ch\/fr\">MoveAgain<\/a>, vous ne perdez plus votre temps \u00e0 comparer les meilleures offres sur internet.&nbsp;<a href=\"https:\/\/www.moveagain.ch\/fr\">MoveAgain<\/a>&nbsp;le fait pour vous. Gr\u00e2ce \u00e0 son large r\u00e9seau de partenaires,&nbsp;<a href=\"https:\/\/www.moveagain.ch\/fr\">MoveAgain<\/a>&nbsp;trouve l\u2019entreprise qui vous convient et au meilleur prix.&nbsp;<\/p>\n\n\n\n<p>Remplissez notre&nbsp;<a href=\"https:\/\/www.moveagain.ch\/fr\/umzug-starten\">formulaire en ligne<\/a>&nbsp;en quelques minutes seulement et recevez un devis gratuit&nbsp;!&nbsp;<\/p>\n\n\n\n<p>Pour votre \u00e9tat des lieux de sortie,&nbsp;<a href=\"https:\/\/www.moveagain.ch\/fr\">MoveAgain<\/a>&nbsp;vous propose \u00e9galement un service de&nbsp;<a href=\"https:\/\/www.moveagain.ch\/beratung\/fr\/reservez-nettoyage-de-remise\/\">nettoyage de remise de bail<\/a>. Assurez-vous une remise des cl\u00e9s sans encombre et un remboursement int\u00e9gral de votre caution. N\u2019attendez plus, faites appel \u00e0&nbsp;<a href=\"https:\/\/www.moveagain.ch\/fr\">MoveAgain&nbsp;<\/a>!<\/p>\n","protected":false},"excerpt":{"rendered":"<p>Un d\u00e9m\u00e9nagement demande du temps et de l\u2019organisation. Tri, emballage des cartons, r\u00e9servation de l\u2019entreprise de d\u00e9m\u00e9nagement, changement d\u2019adresse et autres d\u00e9marches administratives, nettoyage de remise, \u00e9tat des lieux\u2026 Comment s\u2019y retrouver lorsqu\u2019en plus de toutes ces t\u00e2ches, vous devez \u00e9galement g\u00e9rer votre vie professionnelle&nbsp;? Pour d\u00e9m\u00e9nager en toute s\u00e9r\u00e9nit\u00e9, nous vous recommandons d\u2019obtenir un [&hellip;]<\/p>\n","protected":false},"author":7,"featured_media":2130,"comment_status":"closed","ping_status":"closed","sticky":false,"template":"","format":"standard","meta":{"footnotes":""},"categories":[61],"tags":[],"class_list":["post-2974","post","type-post","status-publish","format-standard","has-post-thumbnail","hentry","category-administratif"],"yoast_head":"<!-- This site is optimized with the Yoast SEO plugin v23.4 - https:\/\/yoast.com\/wordpress\/plugins\/seo\/ -->\n<title>Cong\u00e9 sp\u00e9cial d\u00e9m\u00e9nagement - MoveAgain<\/title>\n<meta name=\"description\" content=\"Comment obtenir un cong\u00e9 sp\u00e9cial pour le jour de votre d\u00e9m\u00e9nagement ? D\u00e9couvrez les meilleures astuces MoveAgain pour d\u00e9m\u00e9nager en toute s\u00e9r\u00e9nit\u00e9.\" \/>\n<meta name=\"robots\" content=\"index, follow, max-snippet:-1, max-image-preview:large, max-video-preview:-1\" \/>\n<link rel=\"canonical\" href=\"https:\/\/www.moveagain.ch\/beratung\/fr\/conge-special-demenagement\/\" \/>\n<meta property=\"og:locale\" content=\"fr_FR\" \/>\n<meta property=\"og:type\" content=\"article\" \/>\n<meta property=\"og:title\" content=\"Cong\u00e9 sp\u00e9cial d\u00e9m\u00e9nagement - MoveAgain\" \/>\n<meta property=\"og:description\" content=\"Comment obtenir un cong\u00e9 sp\u00e9cial pour le jour de votre d\u00e9m\u00e9nagement ? D\u00e9couvrez les meilleures astuces MoveAgain pour d\u00e9m\u00e9nager en toute s\u00e9r\u00e9nit\u00e9.\" \/>\n<meta property=\"og:url\" content=\"https:\/\/www.moveagain.ch\/beratung\/fr\/conge-special-demenagement\/\" \/>\n<meta property=\"og:site_name\" content=\"MoveAgain\" \/>\n<meta property=\"article:published_time\" content=\"2022-05-04T13:51:05+00:00\" \/>\n<meta property=\"article:modified_time\" content=\"2024-09-06T13:44:08+00:00\" \/>\n<meta property=\"og:image\" content=\"https:\/\/www.moveagain.ch\/beratung\/wp-content\/uploads\/2021\/07\/Depositphotos_123444736_s-2019-2.jpg\" \/>\n\t<meta property=\"og:image:width\" content=\"700\" \/>\n\t<meta property=\"og:image:height\" content=\"525\" \/>\n\t<meta property=\"og:image:type\" content=\"image\/jpeg\" \/>\n<meta name=\"author\" content=\"Julia Halouska\" \/>\n<meta name=\"twitter:card\" content=\"summary_large_image\" \/>\n<meta name=\"twitter:label1\" content=\"\u00c9crit par\" \/>\n\t<meta name=\"twitter:data1\" content=\"Julia Halouska\" \/>\n\t<meta name=\"twitter:label2\" content=\"Dur\u00e9e de lecture estim\u00e9e\" \/>\n\t<meta name=\"twitter:data2\" content=\"7 minutes\" \/>\n<script type=\"application\/ld+json\" class=\"yoast-schema-graph\">{\"@context\":\"https:\/\/schema.org\",\"@graph\":[{\"@type\":\"Article\",\"@id\":\"https:\/\/www.moveagain.ch\/beratung\/fr\/conge-special-demenagement\/#article\",\"isPartOf\":{\"@id\":\"https:\/\/www.moveagain.ch\/beratung\/fr\/conge-special-demenagement\/\"},\"author\":{\"name\":\"Julia Halouska\",\"@id\":\"https:\/\/www.moveagain.ch\/beratung\/#\/schema\/person\/d100e510f3cf28716be4c4a29aa85561\"},\"headline\":\"Cong\u00e9 sp\u00e9cial d\u00e9m\u00e9nagement\",\"datePublished\":\"2022-05-04T13:51:05+00:00\",\"dateModified\":\"2024-09-06T13:44:08+00:00\",\"mainEntityOfPage\":{\"@id\":\"https:\/\/www.moveagain.ch\/beratung\/fr\/conge-special-demenagement\/\"},\"wordCount\":1445,\"publisher\":{\"@id\":\"https:\/\/www.moveagain.ch\/beratung\/#organization\"},\"image\":{\"@id\":\"https:\/\/www.moveagain.ch\/beratung\/fr\/conge-special-demenagement\/#primaryimage\"},\"thumbnailUrl\":\"https:\/\/www.moveagain.ch\/beratung\/wp-content\/uploads\/2021\/07\/Depositphotos_123444736_s-2019-2.jpg\",\"articleSection\":[\"Administratif\"],\"inLanguage\":\"fr-FR\"},{\"@type\":\"WebPage\",\"@id\":\"https:\/\/www.moveagain.ch\/beratung\/fr\/conge-special-demenagement\/\",\"url\":\"https:\/\/www.moveagain.ch\/beratung\/fr\/conge-special-demenagement\/\",\"name\":\"Cong\u00e9 sp\u00e9cial d\u00e9m\u00e9nagement - MoveAgain\",\"isPartOf\":{\"@id\":\"https:\/\/www.moveagain.ch\/beratung\/#website\"},\"primaryImageOfPage\":{\"@id\":\"https:\/\/www.moveagain.ch\/beratung\/fr\/conge-special-demenagement\/#primaryimage\"},\"image\":{\"@id\":\"https:\/\/www.moveagain.ch\/beratung\/fr\/conge-special-demenagement\/#primaryimage\"},\"thumbnailUrl\":\"https:\/\/www.moveagain.ch\/beratung\/wp-content\/uploads\/2021\/07\/Depositphotos_123444736_s-2019-2.jpg\",\"datePublished\":\"2022-05-04T13:51:05+00:00\",\"dateModified\":\"2024-09-06T13:44:08+00:00\",\"description\":\"Comment obtenir un cong\u00e9 sp\u00e9cial pour le jour de votre d\u00e9m\u00e9nagement ? D\u00e9couvrez les meilleures astuces MoveAgain pour d\u00e9m\u00e9nager en toute s\u00e9r\u00e9nit\u00e9.\",\"breadcrumb\":{\"@id\":\"https:\/\/www.moveagain.ch\/beratung\/fr\/conge-special-demenagement\/#breadcrumb\"},\"inLanguage\":\"fr-FR\",\"potentialAction\":[{\"@type\":\"ReadAction\",\"target\":[\"https:\/\/www.moveagain.ch\/beratung\/fr\/conge-special-demenagement\/\"]}]},{\"@type\":\"ImageObject\",\"inLanguage\":\"fr-FR\",\"@id\":\"https:\/\/www.moveagain.ch\/beratung\/fr\/conge-special-demenagement\/#primaryimage\",\"url\":\"https:\/\/www.moveagain.ch\/beratung\/wp-content\/uploads\/2021\/07\/Depositphotos_123444736_s-2019-2.jpg\",\"contentUrl\":\"https:\/\/www.moveagain.ch\/beratung\/wp-content\/uploads\/2021\/07\/Depositphotos_123444736_s-2019-2.jpg\",\"width\":700,\"height\":525,\"caption\":\"calendrier-jour-de-cong\u00e9\"},{\"@type\":\"BreadcrumbList\",\"@id\":\"https:\/\/www.moveagain.ch\/beratung\/fr\/conge-special-demenagement\/#breadcrumb\",\"itemListElement\":[{\"@type\":\"ListItem\",\"position\":1,\"name\":\"Home\",\"item\":\"https:\/\/www.moveagain.ch\/beratung\/\"},{\"@type\":\"ListItem\",\"position\":2,\"name\":\"Cong\u00e9 sp\u00e9cial d\u00e9m\u00e9nagement\"}]},{\"@type\":\"WebSite\",\"@id\":\"https:\/\/www.moveagain.ch\/beratung\/#website\",\"url\":\"https:\/\/www.moveagain.ch\/beratung\/\",\"name\":\"MoveAgain\",\"description\":\"Ihre sichere Adresse f\u00fcr Umz\u00fcge in der ganzen Schweiz\",\"publisher\":{\"@id\":\"https:\/\/www.moveagain.ch\/beratung\/#organization\"},\"potentialAction\":[{\"@type\":\"SearchAction\",\"target\":{\"@type\":\"EntryPoint\",\"urlTemplate\":\"https:\/\/www.moveagain.ch\/beratung\/?s={search_term_string}\"},\"query-input\":{\"@type\":\"PropertyValueSpecification\",\"valueRequired\":true,\"valueName\":\"search_term_string\"}}],\"inLanguage\":\"fr-FR\"},{\"@type\":\"Organization\",\"@id\":\"https:\/\/www.moveagain.ch\/beratung\/#organization\",\"name\":\"Moveagain\",\"url\":\"https:\/\/www.moveagain.ch\/beratung\/\",\"logo\":{\"@type\":\"ImageObject\",\"inLanguage\":\"fr-FR\",\"@id\":\"https:\/\/www.moveagain.ch\/beratung\/#\/schema\/logo\/image\/\",\"url\":\"https:\/\/www.moveagain.ch\/beratung\/wp-content\/uploads\/2018\/09\/logo-v2.png\",\"contentUrl\":\"https:\/\/www.moveagain.ch\/beratung\/wp-content\/uploads\/2018\/09\/logo-v2.png\",\"width\":1457,\"height\":309,\"caption\":\"Moveagain\"},\"image\":{\"@id\":\"https:\/\/www.moveagain.ch\/beratung\/#\/schema\/logo\/image\/\"}},{\"@type\":\"Person\",\"@id\":\"https:\/\/www.moveagain.ch\/beratung\/#\/schema\/person\/d100e510f3cf28716be4c4a29aa85561\",\"name\":\"Julia Halouska\",\"image\":{\"@type\":\"ImageObject\",\"inLanguage\":\"fr-FR\",\"@id\":\"https:\/\/www.moveagain.ch\/beratung\/#\/schema\/person\/image\/\",\"url\":\"https:\/\/secure.gravatar.com\/avatar\/e38383b54b7dfc5f710e82dfb270fe5e?s=96&d=mm&r=g\",\"contentUrl\":\"https:\/\/secure.gravatar.com\/avatar\/e38383b54b7dfc5f710e82dfb270fe5e?s=96&d=mm&r=g\",\"caption\":\"Julia Halouska\"},\"url\":\"https:\/\/www.moveagain.ch\/beratung\/fr\/author\/julia-halouska\/\"}]}<\/script>\n<!-- \/ Yoast SEO plugin. -->","yoast_head_json":{"title":"Cong\u00e9 sp\u00e9cial d\u00e9m\u00e9nagement - MoveAgain","description":"Comment obtenir un cong\u00e9 sp\u00e9cial pour le jour de votre d\u00e9m\u00e9nagement ? D\u00e9couvrez les meilleures astuces MoveAgain pour d\u00e9m\u00e9nager en toute s\u00e9r\u00e9nit\u00e9.","robots":{"index":"index","follow":"follow","max-snippet":"max-snippet:-1","max-image-preview":"max-image-preview:large","max-video-preview":"max-video-preview:-1"},"canonical":"https:\/\/www.moveagain.ch\/beratung\/fr\/conge-special-demenagement\/","og_locale":"fr_FR","og_type":"article","og_title":"Cong\u00e9 sp\u00e9cial d\u00e9m\u00e9nagement - MoveAgain","og_description":"Comment obtenir un cong\u00e9 sp\u00e9cial pour le jour de votre d\u00e9m\u00e9nagement ? D\u00e9couvrez les meilleures astuces MoveAgain pour d\u00e9m\u00e9nager en toute s\u00e9r\u00e9nit\u00e9.","og_url":"https:\/\/www.moveagain.ch\/beratung\/fr\/conge-special-demenagement\/","og_site_name":"MoveAgain","article_published_time":"2022-05-04T13:51:05+00:00","article_modified_time":"2024-09-06T13:44:08+00:00","og_image":[{"width":700,"height":525,"url":"https:\/\/www.moveagain.ch\/beratung\/wp-content\/uploads\/2021\/07\/Depositphotos_123444736_s-2019-2.jpg","type":"image\/jpeg"}],"author":"Julia Halouska","twitter_card":"summary_large_image","twitter_misc":{"\u00c9crit par":"Julia Halouska","Dur\u00e9e de lecture estim\u00e9e":"7 minutes"},"schema":{"@context":"https:\/\/schema.org","@graph":[{"@type":"Article","@id":"https:\/\/www.moveagain.ch\/beratung\/fr\/conge-special-demenagement\/#article","isPartOf":{"@id":"https:\/\/www.moveagain.ch\/beratung\/fr\/conge-special-demenagement\/"},"author":{"name":"Julia Halouska","@id":"https:\/\/www.moveagain.ch\/beratung\/#\/schema\/person\/d100e510f3cf28716be4c4a29aa85561"},"headline":"Cong\u00e9 sp\u00e9cial d\u00e9m\u00e9nagement","datePublished":"2022-05-04T13:51:05+00:00","dateModified":"2024-09-06T13:44:08+00:00","mainEntityOfPage":{"@id":"https:\/\/www.moveagain.ch\/beratung\/fr\/conge-special-demenagement\/"},"wordCount":1445,"publisher":{"@id":"https:\/\/www.moveagain.ch\/beratung\/#organization"},"image":{"@id":"https:\/\/www.moveagain.ch\/beratung\/fr\/conge-special-demenagement\/#primaryimage"},"thumbnailUrl":"https:\/\/www.moveagain.ch\/beratung\/wp-content\/uploads\/2021\/07\/Depositphotos_123444736_s-2019-2.jpg","articleSection":["Administratif"],"inLanguage":"fr-FR"},{"@type":"WebPage","@id":"https:\/\/www.moveagain.ch\/beratung\/fr\/conge-special-demenagement\/","url":"https:\/\/www.moveagain.ch\/beratung\/fr\/conge-special-demenagement\/","name":"Cong\u00e9 sp\u00e9cial d\u00e9m\u00e9nagement - MoveAgain","isPartOf":{"@id":"https:\/\/www.moveagain.ch\/beratung\/#website"},"primaryImageOfPage":{"@id":"https:\/\/www.moveagain.ch\/beratung\/fr\/conge-special-demenagement\/#primaryimage"},"image":{"@id":"https:\/\/www.moveagain.ch\/beratung\/fr\/conge-special-demenagement\/#primaryimage"},"thumbnailUrl":"https:\/\/www.moveagain.ch\/beratung\/wp-content\/uploads\/2021\/07\/Depositphotos_123444736_s-2019-2.jpg","datePublished":"2022-05-04T13:51:05+00:00","dateModified":"2024-09-06T13:44:08+00:00","description":"Comment obtenir un cong\u00e9 sp\u00e9cial pour le jour de votre d\u00e9m\u00e9nagement ? D\u00e9couvrez les meilleures astuces MoveAgain pour d\u00e9m\u00e9nager en toute s\u00e9r\u00e9nit\u00e9.","breadcrumb":{"@id":"https:\/\/www.moveagain.ch\/beratung\/fr\/conge-special-demenagement\/#breadcrumb"},"inLanguage":"fr-FR","potentialAction":[{"@type":"ReadAction","target":["https:\/\/www.moveagain.ch\/beratung\/fr\/conge-special-demenagement\/"]}]},{"@type":"ImageObject","inLanguage":"fr-FR","@id":"https:\/\/www.moveagain.ch\/beratung\/fr\/conge-special-demenagement\/#primaryimage","url":"https:\/\/www.moveagain.ch\/beratung\/wp-content\/uploads\/2021\/07\/Depositphotos_123444736_s-2019-2.jpg","contentUrl":"https:\/\/www.moveagain.ch\/beratung\/wp-content\/uploads\/2021\/07\/Depositphotos_123444736_s-2019-2.jpg","width":700,"height":525,"caption":"calendrier-jour-de-cong\u00e9"},{"@type":"BreadcrumbList","@id":"https:\/\/www.moveagain.ch\/beratung\/fr\/conge-special-demenagement\/#breadcrumb","itemListElement":[{"@type":"ListItem","position":1,"name":"Home","item":"https:\/\/www.moveagain.ch\/beratung\/"},{"@type":"ListItem","position":2,"name":"Cong\u00e9 sp\u00e9cial d\u00e9m\u00e9nagement"}]},{"@type":"WebSite","@id":"https:\/\/www.moveagain.ch\/beratung\/#website","url":"https:\/\/www.moveagain.ch\/beratung\/","name":"MoveAgain","description":"Ihre sichere Adresse f\u00fcr Umz\u00fcge in der ganzen Schweiz","publisher":{"@id":"https:\/\/www.moveagain.ch\/beratung\/#organization"},"potentialAction":[{"@type":"SearchAction","target":{"@type":"EntryPoint","urlTemplate":"https:\/\/www.moveagain.ch\/beratung\/?s={search_term_string}"},"query-input":{"@type":"PropertyValueSpecification","valueRequired":true,"valueName":"search_term_string"}}],"inLanguage":"fr-FR"},{"@type":"Organization","@id":"https:\/\/www.moveagain.ch\/beratung\/#organization","name":"Moveagain","url":"https:\/\/www.moveagain.ch\/beratung\/","logo":{"@type":"ImageObject","inLanguage":"fr-FR","@id":"https:\/\/www.moveagain.ch\/beratung\/#\/schema\/logo\/image\/","url":"https:\/\/www.moveagain.ch\/beratung\/wp-content\/uploads\/2018\/09\/logo-v2.png","contentUrl":"https:\/\/www.moveagain.ch\/beratung\/wp-content\/uploads\/2018\/09\/logo-v2.png","width":1457,"height":309,"caption":"Moveagain"},"image":{"@id":"https:\/\/www.moveagain.ch\/beratung\/#\/schema\/logo\/image\/"}},{"@type":"Person","@id":"https:\/\/www.moveagain.ch\/beratung\/#\/schema\/person\/d100e510f3cf28716be4c4a29aa85561","name":"Julia Halouska","image":{"@type":"ImageObject","inLanguage":"fr-FR","@id":"https:\/\/www.moveagain.ch\/beratung\/#\/schema\/person\/image\/","url":"https:\/\/secure.gravatar.com\/avatar\/e38383b54b7dfc5f710e82dfb270fe5e?s=96&d=mm&r=g","contentUrl":"https:\/\/secure.gravatar.com\/avatar\/e38383b54b7dfc5f710e82dfb270fe5e?s=96&d=mm&r=g","caption":"Julia Halouska"},"url":"https:\/\/www.moveagain.ch\/beratung\/fr\/author\/julia-halouska\/"}]}},"_links":{"self":[{"href":"https:\/\/www.moveagain.ch\/beratung\/fr\/wp-json\/wp\/v2\/posts\/2974"}],"collection":[{"href":"https:\/\/www.moveagain.ch\/beratung\/fr\/wp-json\/wp\/v2\/posts"}],"about":[{"href":"https:\/\/www.moveagain.ch\/beratung\/fr\/wp-json\/wp\/v2\/types\/post"}],"author":[{"embeddable":true,"href":"https:\/\/www.moveagain.ch\/beratung\/fr\/wp-json\/wp\/v2\/users\/7"}],"replies":[{"embeddable":true,"href":"https:\/\/www.moveagain.ch\/beratung\/fr\/wp-json\/wp\/v2\/comments?post=2974"}],"version-history":[{"count":3,"href":"https:\/\/www.moveagain.ch\/beratung\/fr\/wp-json\/wp\/v2\/posts\/2974\/revisions"}],"predecessor-version":[{"id":2978,"href":"https:\/\/www.moveagain.ch\/beratung\/fr\/wp-json\/wp\/v2\/posts\/2974\/revisions\/2978"}],"wp:featuredmedia":[{"embeddable":true,"href":"https:\/\/www.moveagain.ch\/beratung\/fr\/wp-json\/wp\/v2\/media\/2130"}],"wp:attachment":[{"href":"https:\/\/www.moveagain.ch\/beratung\/fr\/wp-json\/wp\/v2\/media?parent=2974"}],"wp:term":[{"taxonomy":"category","embeddable":true,"href":"https:\/\/www.moveagain.ch\/beratung\/fr\/wp-json\/wp\/v2\/categories?post=2974"},{"taxonomy":"post_tag","embeddable":true,"href":"https:\/\/www.moveagain.ch\/beratung\/fr\/wp-json\/wp\/v2\/tags?post=2974"}],"curies":[{"name":"wp","href":"https:\/\/api.w.org\/{rel}","templated":true}]}}